{"id":106,"date":"2014-05-19T20:46:54","date_gmt":"2014-05-19T18:46:54","guid":{"rendered":"http:\/\/www.lebenswerter-braubach.de\/?p=106"},"modified":"2016-02-13T14:14:23","modified_gmt":"2016-02-13T12:14:23","slug":"informationsaustausch-mit-vertretern-des-buendnis90die-gruenen","status":"publish","type":"post","link":"http:\/\/www.lebenswerter-braubach.de\/?p=106","title":{"rendered":"Informationsaustausch mit Vertretern des B\u00fcndnis90\/Die Gr\u00fcnen"},"content":{"rendered":"<p><strong>B\u00fcrgerinitiative Braubach lebenswerter e. V. trifft sich zum Informationsaustausch mit Vertretern des B\u00fcndnis90\/Die Gr\u00fcnen.<\/strong><\/p>\n<p>Am 19.05.2014 fand mit der stellvertretenden Vorsitzenden der Landtagsfraktion Frau Jutta Blatzheim-Roegler, dem Fraktionsvorsitzenden des Kreistages Herrn Leo Neydek, weiteren Vertretern des Kreistages sowie der benachbarten Verbandsgemeinden ein Ortstermin am Obertor mit anschlie\u00dfendem Informationsaustausch im Landgasthof \u201eZum weissen Schwanen\u201c statt.<\/p>\n<p><a href=\"http:\/\/www.lebenswerter-braubach.de\/wp-content\/uploads\/2014\/05\/2014-05-19-Gr\u00fcne-Land-Kreis-VG-3.jpg\"><img loading=\"lazy\" decoding=\"async\" class=\"aligncenter size-large wp-image-240\" src=\"http:\/\/www.lebenswerter-braubach.de\/wp-content\/uploads\/2014\/05\/2014-05-19-Gr\u00fcne-Land-Kreis-VG-3-1024x838.jpg\" alt=\"2014-05-19 Gr\u00fcne Land Kreis VG (3)\" width=\"640\" height=\"524\" srcset=\"http:\/\/www.lebenswerter-braubach.de\/wp-content\/uploads\/2014\/05\/2014-05-19-Gr\u00fcne-Land-Kreis-VG-3-1024x838.jpg 1024w, http:\/\/www.lebenswerter-braubach.de\/wp-content\/uploads\/2014\/05\/2014-05-19-Gr\u00fcne-Land-Kreis-VG-3-300x246.jpg 300w\" sizes=\"auto, (max-width: 640px) 100vw, 640px\" \/><\/a><\/p>\n<p>Nachdem die BI bereits mit Politikern von CDU und SPD den Dialog \u00fcber die Verkehrsituation am Obertor gef\u00fchrt hatte, waren die Vertreter vom B\u00fcndnis90\/Die Gr\u00fcnen nach Braubach gekommen, um sich selbst ein Bild von der Lage zu machen.<\/p>\n<p><!--more--><\/p>\n<p>Zur Einf\u00fchrung in die anschlie\u00dfende Diskussionsrunde erl\u00e4uterte Herr Neydek die Schwerpunkte der gr\u00fcnen Verkehrspolitik, die man zusammengefasst mit dem Stichworten \u201eErhalt vor Neubau\u201c beschreiben kann. Da Rheinland-Pfalz im Bundesvergleich \u00fcber die gr\u00f6\u00dfte Stra\u00dfendichte verf\u00fcgt, sollte ein Neubau die Ausnahme sein.<\/p>\n<p>&nbsp;<\/p>\n<p><strong>Die BI konnte mit ihrer Pr\u00e4sentation und ihren Argumenten die Anwesenden davon \u00fcberzeugen, dass es in Braubach keine Alternative zu einem Neubau gibt.<\/strong><\/p>\n<p>Frau Blatzheim-Roegler, die selbst Mitglied in B\u00fcrgerinitiativen und u. a. auch fachpolitische Sprecherin f\u00fcr Mobilit\u00e4t, Verkehr und Tourismus ist, f\u00fchrte aus, dass die BI mit ihren bisherigen Aktivit\u00e4ten viel erreicht hat und das Thema Ortsumgehung gut strukturiert und mit System aufbereitet hat. In ihren weiteren Ausf\u00fchrungen machte sie deutlich, dass ein zus\u00e4tzliches Ma\u00dfnahmenpaket erforderlich ist, um das Projekt weiter nach vorne zu bringen.<\/p>\n<p>a. geht es auch darum, die Bed\u00fcrfnisse des Fu\u00df- u. Fahrradverkehrs wieder st\u00e4rker zu ber\u00fccksichtigen und somit auch die Fu\u00dfg\u00e4ngerqualit\u00e4t nachhaltig zu verbessern. Gerade bei stark befahrenen Stra\u00dfen, besonders in Verbindung mit schmalen Gehwegen, wie z. B. der Brunnenstra\u00dfe aber auch in der Oberallee- u. Rheinstra\u00dfe, besteht f\u00fcr Kinder, \u00e4ltere Menschen und mobilit\u00e4tseingeschr\u00e4nkte Personen eine erhebliche Gefahr. Die Schaffung von \u00dcberquerungsm\u00f6glichkeiten in Form von Zebrastreifen, in Verbindung mit bedarfsabh\u00e4ngigen Fu\u00dfg\u00e4ngerampeln sowie eine Ausweitung der Tempo 30 Strecke k\u00f6nnte dort zur dauerhaften Verkehrssicherheit beitragen. Auch eine Geschwindigkeitskontrolle durch festinstallierte Messger\u00e4te w\u00e4re denkbar.<\/p>\n<p><a href=\"http:\/\/www.lebenswerter-braubach.de\/wp-content\/uploads\/2014\/05\/2014-05-19-Gr\u00fcne-Land-Kreis-VG-2.jpg\"><img loading=\"lazy\" decoding=\"async\" class=\"aligncenter size-large wp-image-241\" src=\"http:\/\/www.lebenswerter-braubach.de\/wp-content\/uploads\/2014\/05\/2014-05-19-Gr\u00fcne-Land-Kreis-VG-2-1024x683.jpg\" alt=\"2014-05-19 Gr\u00fcne Land Kreis VG (2)\" width=\"640\" height=\"427\" srcset=\"http:\/\/www.lebenswerter-braubach.de\/wp-content\/uploads\/2014\/05\/2014-05-19-Gr\u00fcne-Land-Kreis-VG-2-1024x683.jpg 1024w, http:\/\/www.lebenswerter-braubach.de\/wp-content\/uploads\/2014\/05\/2014-05-19-Gr\u00fcne-Land-Kreis-VG-2-300x200.jpg 300w\" sizes=\"auto, (max-width: 640px) 100vw, 640px\" \/><\/a><\/p>\n<p>Als weiteres Ergebnis der angeregten Diskussion wurde vorgeschlagen, eine Feinstaub- und L\u00e4rmmessung durchzuf\u00fchren. Evtl. k\u00f6nnte auch die Aufnahme in den L\u00e4rmaktionsplan der Kommunen als Pilotprojekt erfolgen.<\/p>\n<p>Frau Blatzheim-Roegler und ihre Parteikollegen versprachen die BI in den vorgenannten Punkten tatkr\u00e4ftig zu unterst\u00fctzen und sich u. a. auch mit dem LBM in Verbindung zu setzen, um die aktuellen Sachst\u00e4nde zu erfahren und ggf. die alten Planungsunterlagen einzusehen.<\/p>\n<p>Der BI wurde empfohlen, den Dialog mit den Umwelt- und Naturschutzverb\u00e4nden weiterzuf\u00fchren und noch zu vertiefen sowie den Kontakt zur Deutschen UNESCO-Kommission aufzunehmen.<\/p>\n<p><a href=\"http:\/\/www.lebenswerter-braubach.de\/wp-content\/uploads\/2014\/05\/2014-05-19-Gr\u00fcne-Land-Kreis-VG-5.jpg\"><img loading=\"lazy\" decoding=\"async\" class=\"aligncenter size-large wp-image-243\" src=\"http:\/\/www.lebenswerter-braubach.de\/wp-content\/uploads\/2014\/05\/2014-05-19-Gr\u00fcne-Land-Kreis-VG-5-1024x683.jpg\" alt=\"2014-05-19 Gr\u00fcne Land Kreis VG (5)\" width=\"640\" height=\"427\" srcset=\"http:\/\/www.lebenswerter-braubach.de\/wp-content\/uploads\/2014\/05\/2014-05-19-Gr\u00fcne-Land-Kreis-VG-5-1024x683.jpg 1024w, http:\/\/www.lebenswerter-braubach.de\/wp-content\/uploads\/2014\/05\/2014-05-19-Gr\u00fcne-Land-Kreis-VG-5-300x200.jpg 300w\" sizes=\"auto, (max-width: 640px) 100vw, 640px\" \/><\/a>Auf keinen Fall sollte die BI sich von den Aussagen \u00fcber knappe Finanzmittel entmutigen lassen und weiterhin mit vollem Engagement das Projekt der Ortsumgehung vorw\u00e4rtsbringen, wobei ein gr\u00f6\u00dferer Druck durch die \u00d6ffentlichkeit hilfreich w\u00e4re.<\/p>\n<p>Als n\u00e4chste Aktion plant die BI das Anbringen von Bannern, um die \u00d6ffentlichkeit und die Berufspendler f\u00fcr die Ortsumgehung st\u00e4rker zu sensibilisieren.<\/p>\n<p>&nbsp;<\/p>\n<p>Braubach lebenswerter e.V.<br \/>\nB\u00fcrgerinitiative f\u00fcr eine verkehrsberuhigte Stadt<\/p>\n<p>Der Vorstand<\/p>\n","protected":false},"excerpt":{"rendered":"<p>B\u00fcrgerinitiative Braubach lebenswerter e. V. trifft sich zum Informationsaustausch mit Vertretern des B\u00fcndnis90\/Die Gr\u00fcnen. Am 19.05.2014 fand mit der stellvertretenden Vorsitzenden der Landtagsfraktion Frau Jutta Blatzheim-Roegler, dem Fraktionsvorsitzenden des Kreistages Herrn Leo Neydek, weiteren Vertretern des Kreistages sowie der benachbarten &hellip; <a href=\"http:\/\/www.lebenswerter-braubach.de\/?p=106\">Weiterlesen <span class=\"meta-nav\">&rarr;<\/span><\/a><\/p>\n","protected":false},"author":9,"featured_media":0,"comment_status":"open","ping_status":"open","sticky":false,"template":"","format":"standard","meta":{"footnotes":"","_links_to":"","_links_to_target":""},"categories":[8],"tags":[],"class_list":["post-106","post","type-post","status-publish","format-standard","hentry","category-allgemein"],"_links":{"self":[{"href":"http:\/\/www.lebenswerter-braubach.de\/index.php?rest_route=\/wp\/v2\/posts\/106","targetHints":{"allow":["GET"]}}],"collection":[{"href":"http:\/\/www.lebenswerter-braubach.de\/index.php?rest_route=\/wp\/v2\/posts"}],"about":[{"href":"http:\/\/www.lebenswerter-braubach.de\/index.php?rest_route=\/wp\/v2\/types\/post"}],"author":[{"embeddable":true,"href":"http:\/\/www.lebenswerter-braubach.de\/index.php?rest_route=\/wp\/v2\/users\/9"}],"replies":[{"embeddable":true,"href":"http:\/\/www.lebenswerter-braubach.de\/index.php?rest_route=%2Fwp%2Fv2%2Fcomments&post=106"}],"version-history":[{"count":0,"href":"http:\/\/www.lebenswerter-braubach.de\/index.php?rest_route=\/wp\/v2\/posts\/106\/revisions"}],"wp:attachment":[{"href":"http:\/\/www.lebenswerter-braubach.de\/index.php?rest_route=%2Fwp%2Fv2%2Fmedia&parent=106"}],"wp:term":[{"taxonomy":"category","embeddable":true,"href":"http:\/\/www.lebenswerter-braubach.de\/index.php?rest_route=%2Fwp%2Fv2%2Fcategories&post=106"},{"taxonomy":"post_tag","embeddable":true,"href":"http:\/\/www.lebenswerter-braubach.de\/index.php?rest_route=%2Fwp%2Fv2%2Ftags&post=106"}],"curies":[{"name":"wp","href":"https:\/\/api.w.org\/{rel}","templated":true}]}}