{"id":358,"date":"2016-02-20T18:25:34","date_gmt":"2016-02-20T16:25:34","guid":{"rendered":"http:\/\/www.lebenswerter-braubach.de\/?p=358"},"modified":"2016-02-20T18:27:18","modified_gmt":"2016-02-20T16:27:18","slug":"buergerversammlung-mit-herrn-minister-lewentz","status":"publish","type":"post","link":"http:\/\/www.lebenswerter-braubach.de\/?p=358","title":{"rendered":"B\u00fcrgerversammlung mit Herrn Minister Lewentz"},"content":{"rendered":"<h2 style=\"text-align: center;\"><\/h2>\n<h2 style=\"text-align: center;\"><strong>Die Stadt Braubach und die B\u00fcrgerinitiative<br \/>\nBraubach lebenswerter e.V. l\u00e4dt hiermit<br \/>\nalle Braubacher B\u00fcrger<br \/>\nzu einer B\u00fcrgerversammlung ein.<\/strong><\/h2>\n<p style=\"text-align: center;\"><strong>\u00a0<\/strong><strong>\u00a0<\/strong><\/p>\n<h3 style=\"text-align: center;\">Datum:<strong><br \/>\n3. M\u00e4rz 2016<\/strong><\/h3>\n<h3 style=\"text-align: center;\">Uhrzeit:<strong><br \/>\n17:30 h<\/strong><\/h3>\n<h3 style=\"text-align: center;\">Ort:<strong><br \/>\nKatholischer Gemeindesaal<\/strong><\/h3>\n<p><strong>\u00a0<\/strong><strong>\u00a0<\/strong><\/p>\n<p>&nbsp;<\/p>\n<p><strong>Liebe Braubacher Mitb\u00fcrger,<\/strong><\/p>\n<p>wir, die Braubacher B\u00fcrgerinitiative Braubach lebenswerter, k\u00e4mpft seit ihrer Gr\u00fcndung im Jahr 2013 f\u00fcr den Bau einer Umgehungsstra\u00dfe in Braubach.<\/p>\n<p>Hierzu haben wir uns mit vielen Politikern aus allen Parteien getroffen, um ihnen die unertr\u00e4gliche Situation in Braubach zu erkl\u00e4ren. T\u00e4glich fahren ca. 10.000 PKW und LKW durch das Nadel\u00f6hr Braubach. F\u00fcr uns als betroffene Braubacher ist dies nicht mehr l\u00e4nger zu ertragen.<\/p>\n<p>Bisher haben wir einiges erreicht. Der Landesbetrieb Mobilit\u00e4t ( LBM ) f\u00fchrte eine Verkehrsz\u00e4hlung durch, aus der sich o.g. Zahlen ergaben. Diese Zahlen waren die Grundlage f\u00fcr die Erstellung einer Wirtschaftlichkeitsberechnung. Neben den beiden bereits vorliegenden Varianten wurden von uns noch weitere M\u00f6glichkeiten einer Trassenf\u00fchrung erarbeitet. Die Bewertung aller Varianten erfolgte durch den LBM.<\/p>\n<p><strong>Das Ergebnis dieser Analyse liegt jetzt vor und zeigt, dass der Bau einer Umgehungsstra\u00dfe mehr als gerechtfertigt ist.<\/strong><\/p>\n<p><strong>Herr Innenminister Lewentz wird am 3. M\u00e4rz gemeinsam mit dem LBM, Vertretern der Stadt Braubach und der B\u00fcrgerinitiative das Ergebnis den Braubacher B\u00fcrgern pers\u00f6nlich vorstellen<\/strong>.<\/p>\n<p>&nbsp;<\/p>\n<p>&nbsp;<\/p>\n<p>Bitte kommen Sie zu dieser Veranstaltung, damit wir der Politik die Bedeutung dieses Projektes durch eine gro\u00dfe Teilnehmerzahl noch einmal verdeutlichen.<\/p>\n<p>&nbsp;<\/p>\n","protected":false},"excerpt":{"rendered":"<p>Die Stadt Braubach und die B\u00fcrgerinitiative Braubach lebenswerter e.V. l\u00e4dt hiermit alle Braubacher B\u00fcrger zu einer B\u00fcrgerversammlung ein. \u00a0\u00a0 Datum: 3. M\u00e4rz 2016 Uhrzeit: 17:30 h Ort: Katholischer Gemeindesaal \u00a0\u00a0 &nbsp; Liebe Braubacher Mitb\u00fcrger, wir, die Braubacher B\u00fcrgerinitiative Braubach lebenswerter, &hellip; <a href=\"http:\/\/www.lebenswerter-braubach.de\/?p=358\">Weiterlesen <span class=\"meta-nav\">&rarr;<\/span><\/a><\/p>\n","protected":false},"author":9,"featured_media":0,"comment_status":"closed","ping_status":"closed","sticky":false,"template":"","format":"standard","meta":{"footnotes":"","_links_to":"","_links_to_target":""},"categories":[8],"tags":[],"class_list":["post-358","post","type-post","status-publish","format-standard","hentry","category-allgemein"],"_links":{"self":[{"href":"http:\/\/www.lebenswerter-braubach.de\/index.php?rest_route=\/wp\/v2\/posts\/358","targetHints":{"allow":["GET"]}}],"collection":[{"href":"http:\/\/www.lebenswerter-braubach.de\/index.php?rest_route=\/wp\/v2\/posts"}],"about":[{"href":"http:\/\/www.lebenswerter-braubach.de\/index.php?rest_route=\/wp\/v2\/types\/post"}],"author":[{"embeddable":true,"href":"http:\/\/www.lebenswerter-braubach.de\/index.php?rest_route=\/wp\/v2\/users\/9"}],"replies":[{"embeddable":true,"href":"http:\/\/www.lebenswerter-braubach.de\/index.php?rest_route=%2Fwp%2Fv2%2Fcomments&post=358"}],"version-history":[{"count":0,"href":"http:\/\/www.lebenswerter-braubach.de\/index.php?rest_route=\/wp\/v2\/posts\/358\/revisions"}],"wp:attachment":[{"href":"http:\/\/www.lebenswerter-braubach.de\/index.php?rest_route=%2Fwp%2Fv2%2Fmedia&parent=358"}],"wp:term":[{"taxonomy":"category","embeddable":true,"href":"http:\/\/www.lebenswerter-braubach.de\/index.php?rest_route=%2Fwp%2Fv2%2Fcategories&post=358"},{"taxonomy":"post_tag","embeddable":true,"href":"http:\/\/www.lebenswerter-braubach.de\/index.php?rest_route=%2Fwp%2Fv2%2Ftags&post=358"}],"curies":[{"name":"wp","href":"https:\/\/api.w.org\/{rel}","templated":true}]}}