{"id":426,"date":"2016-04-08T12:47:32","date_gmt":"2016-04-08T10:47:32","guid":{"rendered":"http:\/\/www.lebenswerter-braubach.de\/?p=426"},"modified":"2016-04-08T12:47:59","modified_gmt":"2016-04-08T10:47:59","slug":"buergerinitiative-braubach-lebenswerter-erfolgreich-lbm-lenkt-ein-doch-keine-umleitung-durch-braubach","status":"publish","type":"post","link":"http:\/\/www.lebenswerter-braubach.de\/?p=426","title":{"rendered":"B\u00fcrgerinitiative Braubach lebenswerter erfolgreich &#8211; LBM lenkt ein: Doch keine Umleitung durch Braubach"},"content":{"rendered":"<p>Die Anwohner in Braubach und den Ortsgemeinden am Rhein zwischen Osterspai und Kamp-Bornhofen wird\u2019s freuen: Die f\u00fcr den Sommer geplante Sanierung der B42 wird nicht zur teilweisen Sperrung der Bundesstra\u00dfe f\u00fchren. Stattdessen soll eine Ampel den Verkehr w\u00e4hrend der Bauphase regeln. Damit ist die urspr\u00fcnglich geplante Umleitung eines Teil des Verkehrs von St. Goarshausen und Kamp-Bornhofen \u00fcber Bogel, Dachsenhausen und Braubach vom Tisch.<\/p>\n<p>Die B\u00fcrgerinitiative Braubach lebenswerter hatte sich beim Landesbetrieb Mobilit\u00e4t, der f\u00fcr die Bauma\u00dfnahme verantwortlich zeichnet, gegen die Sperrung ausgesprochen. Sie freut sich nun \u00fcber das Einlenken der Verkehrsbeh\u00f6rde: \u201eSie tragen damit den Bedenken vieler Anwohner und Gewerbetreibender in den Ortsge\u00admein\u00adden zwischen Osterspai und Kamp-Bornhofern aber auch den Anliegen der Braubacher B\u00fcrgerinnen und B\u00fcrger Rechnung, die von einer Umleitung betroffen gewesen w\u00e4ren\u201c, schrieb die Braubacher B\u00fcrgerinitative an die Beh\u00f6rdenleitung. Braubach lebenswerter dankte dem Landesbetrieb ausdr\u00fccklich f\u00fcr dessen pragmatische Entscheidung und die unb\u00fcrokratische Umplanung der Bauma\u00dfnahme.<\/p>\n","protected":false},"excerpt":{"rendered":"<p>Die Anwohner in Braubach und den Ortsgemeinden am Rhein zwischen Osterspai und Kamp-Bornhofen wird\u2019s freuen: Die f\u00fcr den Sommer geplante Sanierung der B42 wird nicht zur teilweisen Sperrung der Bundesstra\u00dfe f\u00fchren. Stattdessen soll eine Ampel den Verkehr w\u00e4hrend der Bauphase &hellip; <a href=\"http:\/\/www.lebenswerter-braubach.de\/?p=426\">Weiterlesen <span class=\"meta-nav\">&rarr;<\/span><\/a><\/p>\n","protected":false},"author":9,"featured_media":0,"comment_status":"closed","ping_status":"closed","sticky":false,"template":"","format":"standard","meta":{"footnotes":"","_links_to":"","_links_to_target":""},"categories":[8],"tags":[],"class_list":["post-426","post","type-post","status-publish","format-standard","hentry","category-allgemein"],"_links":{"self":[{"href":"http:\/\/www.lebenswerter-braubach.de\/index.php?rest_route=\/wp\/v2\/posts\/426","targetHints":{"allow":["GET"]}}],"collection":[{"href":"http:\/\/www.lebenswerter-braubach.de\/index.php?rest_route=\/wp\/v2\/posts"}],"about":[{"href":"http:\/\/www.lebenswerter-braubach.de\/index.php?rest_route=\/wp\/v2\/types\/post"}],"author":[{"embeddable":true,"href":"http:\/\/www.lebenswerter-braubach.de\/index.php?rest_route=\/wp\/v2\/users\/9"}],"replies":[{"embeddable":true,"href":"http:\/\/www.lebenswerter-braubach.de\/index.php?rest_route=%2Fwp%2Fv2%2Fcomments&post=426"}],"version-history":[{"count":0,"href":"http:\/\/www.lebenswerter-braubach.de\/index.php?rest_route=\/wp\/v2\/posts\/426\/revisions"}],"wp:attachment":[{"href":"http:\/\/www.lebenswerter-braubach.de\/index.php?rest_route=%2Fwp%2Fv2%2Fmedia&parent=426"}],"wp:term":[{"taxonomy":"category","embeddable":true,"href":"http:\/\/www.lebenswerter-braubach.de\/index.php?rest_route=%2Fwp%2Fv2%2Fcategories&post=426"},{"taxonomy":"post_tag","embeddable":true,"href":"http:\/\/www.lebenswerter-braubach.de\/index.php?rest_route=%2Fwp%2Fv2%2Ftags&post=426"}],"curies":[{"name":"wp","href":"https:\/\/api.w.org\/{rel}","templated":true}]}}