{"id":448,"date":"2016-04-19T22:25:49","date_gmt":"2016-04-19T20:25:49","guid":{"rendered":"http:\/\/www.lebenswerter-braubach.de\/?p=448"},"modified":"2016-07-31T14:44:09","modified_gmt":"2016-07-31T12:44:09","slug":"pressebericht-zur-jahreshauptversammlung","status":"publish","type":"post","link":"http:\/\/www.lebenswerter-braubach.de\/?p=448","title":{"rendered":"Pressebericht zur Jahreshauptversammlung"},"content":{"rendered":"<p style=\"text-align: justify;\">Am 19.04.2016 hatte der Vorstand der B\u00fcrgerinitiative Braubach lebenswerter e. V. zur Jahreshauptversammlung in den Gemeindesaal des katholischen Pfarrzentrums \u201eHeilig Geist\u201c in Braubach eingeladen.<\/p>\n<p style=\"text-align: justify;\">Gem\u00e4\u00df der Tagesordnung, er\u00f6ffnete der 1. Vorsitzende, Helmut Veit, die Versammlung und verlass den Rechenschaftsbericht. Der Kassenwart, Christian Vogt, gab in seinem Kassenbericht eine ausf\u00fchrliche Darstellung \u00fcber die Einnahmen und Ausgaben der BI. Beim anschlie\u00dfenden Bericht der Kassenpr\u00fcfer bescheinigte Herbert Freisberg der Versammlung eine einwandfreie und korrekte Kassenf\u00fchrung, sodass der Antrag auf Entlastung des Vorstandes gestellt werden konnte. Die Versammlung entlaste daraufhin den Vorstand einstimmig. Da satzungsgem\u00e4\u00df der Vorstand jeweils f\u00fcr einen Zeitraum von 2 Jahren gew\u00e4hlt wird, standen jetzt die Vorstandsneuwahlen auf der Tagesordnung. Der von den Anwesenden vorgeschlagene und einstimmig gew\u00e4hlte Versammlungsleiter J\u00fcrgen Pollnik f\u00fchrte daraufhin die Neuwahl des 1. Vorsitzenden durch. Helmut Veit wurde in diesem Amt best\u00e4tigt und erneut einstimmig gew\u00e4hlt. Danach erfolgte, unter der Leitung des 1. Vorsitzenden, die Neuwahl der anderen Vorstandsmitglieder. Die \u00c4mter von 3 aktiven Beisitzern mussten neu besetzt werden, da die betreffenden Personen zu einer Wiederwahl nicht mehr zur Verf\u00fcgung standen. Hierf\u00fcr wurden die Beiratsmitglieder Rita Wolf, Dr. Heinz Gemmer und Helmut Metz vorgeschlagen und von der Versammlung einstimmig gew\u00e4hlt. Die anderen Vorstandsmitglieder stellten sich zur Wiederwahl und wurden von der Versammlung einstimmig in ihren \u00c4mtern best\u00e4tigt.<\/p>\n<p style=\"text-align: justify;\"><span style=\"text-decoration: underline;\">Der neue Vorstand setzt sich wie folgt zusammen:<\/span><\/p>\n<p style=\"text-align: justify;\">1.\u00a0 Vorsitzender:<br \/>\n<strong>Helmut Veit<\/strong><\/p>\n<p style=\"text-align: justify;\">2. Vorsitzender:<br \/>\n<strong>Markus Fischer<\/strong><\/p>\n<p style=\"text-align: justify;\">Kassenwart:<br \/>\n<strong>Christian Vogt<\/strong><\/p>\n<p style=\"text-align: justify;\">Schriftf\u00fchrer:<br \/>\n<strong>Horst R\u00f6sner<\/strong><\/p>\n<p style=\"text-align: justify;\">Aktive Beisitzer:<br \/>\n<strong>Dr. Heinz Gemmer<\/strong><br \/>\n<strong> Helmut Metz<\/strong><br \/>\n<strong> Stefan Veit<\/strong><br \/>\n<strong> Willi Volk<\/strong><br \/>\n<strong> Rita Wolf<\/strong><\/p>\n<div id=\"attachment_442\" style=\"width: 650px\" class=\"wp-caption aligncenter\"><a href=\"http:\/\/www.lebenswerter-braubach.de\/wp-content\/uploads\/2015\/08\/2016-04-19-Jahreshauptversammlung-1.jpg\"><img loading=\"lazy\" decoding=\"async\" aria-describedby=\"caption-attachment-442\" class=\"wp-image-442 size-full\" src=\"http:\/\/www.lebenswerter-braubach.de\/wp-content\/uploads\/2015\/08\/2016-04-19-Jahreshauptversammlung-1.jpg\" alt=\"2016-04-19 Jahreshauptversammlung (1)\" width=\"640\" height=\"427\" srcset=\"http:\/\/www.lebenswerter-braubach.de\/wp-content\/uploads\/2015\/08\/2016-04-19-Jahreshauptversammlung-1.jpg 640w, http:\/\/www.lebenswerter-braubach.de\/wp-content\/uploads\/2015\/08\/2016-04-19-Jahreshauptversammlung-1-300x200.jpg 300w\" sizes=\"auto, (max-width: 640px) 100vw, 640px\" \/><\/a><p id=\"caption-attachment-442\" class=\"wp-caption-text\">Der neue Vorstand: v.l.n.r.: Helmut Metz, Stefan Veit, Christian Vogt, Horst R\u00f6sner, Dr. Heinz Gemmer, Markus Fischer, Willi Volk, Helmut Veit, Rita Wolf<\/p><\/div>\n<p style=\"text-align: justify;\">Anschlie\u00dfend mussten noch die Kassenpr\u00fcfer f\u00fcr die kommenden 2 Jahre benannt werden. Hier haben sich Herbert Freisberg und Andreas Beysiegel freundlicherweise zur Verf\u00fcgung gestellt und wurden einstimmig gew\u00e4hlt.<\/p>\n<p style=\"text-align: justify;\">Zum Einstieg in den letzten TOP \u201eVerschiedenes\u201c wurden vom Vorstandsmitglied Dr. Heinz Gemmer die aktuellen Sachst\u00e4nde der Voruntersuchungen f\u00fcr die verschiedenen Umgehungsvarianten, sowie weitere Planungsdetails, in Form einer \u00a0Pr\u00e4sentation vorgestellt. In seinen Schlussworten wurde von Helmut Veit eindringlich\u00a0 darauf hingewiesen, dass es sich bei den anl\u00e4sslich der B\u00fcrgerversammlung vom Innenminister RLP Roger Lewentz und dem LBM vorgestellten Varianten, um eine Voruntersuchung handelt. Eine abschlie\u00dfende L\u00f6sung und deren Umsetzung k\u00f6nnen davon abweichen.<\/p>\n<div id=\"attachment_455\" style=\"width: 650px\" class=\"wp-caption aligncenter\"><a href=\"http:\/\/www.lebenswerter-braubach.de\/wp-content\/uploads\/2016\/04\/2016-04-19-Jahreshauptversammlung-3.jpg\"><img loading=\"lazy\" decoding=\"async\" aria-describedby=\"caption-attachment-455\" class=\"wp-image-455 size-full\" src=\"http:\/\/www.lebenswerter-braubach.de\/wp-content\/uploads\/2016\/04\/2016-04-19-Jahreshauptversammlung-3.jpg\" alt=\"2016-04-19 Jahreshauptversammlung (3)\" width=\"640\" height=\"427\" srcset=\"http:\/\/www.lebenswerter-braubach.de\/wp-content\/uploads\/2016\/04\/2016-04-19-Jahreshauptversammlung-3.jpg 640w, http:\/\/www.lebenswerter-braubach.de\/wp-content\/uploads\/2016\/04\/2016-04-19-Jahreshauptversammlung-3-300x200.jpg 300w\" sizes=\"auto, (max-width: 640px) 100vw, 640px\" \/><\/a><p id=\"caption-attachment-455\" class=\"wp-caption-text\">1. und 2. Vorsitzende: Helmut Veit und Markus Fischer<\/p><\/div>\n<p style=\"text-align: justify;\"><u>Zusammenfassung:<\/u><\/p>\n<p style=\"text-align: justify;\">Die BI hat seit ihrer Gr\u00fcndung im Juli 2013 viel erreicht.<\/p>\n<p style=\"text-align: justify;\">Aufgrund der vielen Gespr\u00e4che und Pr\u00e4sentationen mit Vertretern von verschiedenen politischen Gruppierungen und Beh\u00f6rden ist es der BI gelungen, alle ma\u00dfgeblichen Entscheidungstr\u00e4ger davon zu \u00fcberzeugen, dass es zu einer Entlastungsstra\u00dfe keine Alternative gibt.<\/p>\n<p style=\"text-align: justify;\">Daraufhin wurden die Planungen wieder aufgenommen und der mittlerweile vom LBM ermittelte Kosten-Nutzenfaktor von 1,25 belegt eindeutig die Notwendigkeit und Wirtschaftlichkeit einer Ortsumgehung. Von \u00fcberregionaler Bedeutung ist u. a. auch, dass ohne diese Entlastungsstra\u00dfe die verschiedenen Umgehungsstra\u00dfen auf dem Weg zur B\u00e4derstra\u00dfe (L335) keinen Sinn machen.\u00a0Nach der Landtagswahl finden nun die Koalitionsverhandlungen zur Regierungsbildung in RLP statt. In einem Schreiben an die Landesvorsitzenden der Ampelparteien dr\u00e4ngt die BI darauf, dass die Ortsumgehung Braubach als kommunales Verkehrsprojekt in den Koalitionsvertrag aufgenommen wird. Auch bei den kurz- und mittelfristigen Zielen, wie z. B. der Verkehrsberuhigung, L\u00e4rmschutz und Tempo 30 hat die BI erste Erfolge zu verzeichnen. An dieser Stelle sei erw\u00e4hnt, dass die BI eine Geschwindigkeitsmesstafel angeschafft hat, die als Dauerleihgabe von der Stadt Braubach an verschiedenen neuralgischen Punkten aufgestellt wird. Auch an der Entscheidung, dass bez\u00fcglich der Bauma\u00dfnahme B42 die Einrichtung eines Ampelverkehrs, anstatt einer teilweisen Umleitung durch Braubach, realisiert wird, hat die BI ma\u00dfgeblich mitgewirkt.<\/p>\n<div id=\"attachment_456\" style=\"width: 650px\" class=\"wp-caption aligncenter\"><a href=\"http:\/\/www.lebenswerter-braubach.de\/wp-content\/uploads\/2016\/04\/2016-04-19-Jahreshauptversammlung-6.jpg\"><img loading=\"lazy\" decoding=\"async\" aria-describedby=\"caption-attachment-456\" class=\"wp-image-456 size-full\" src=\"http:\/\/www.lebenswerter-braubach.de\/wp-content\/uploads\/2016\/04\/2016-04-19-Jahreshauptversammlung-6.jpg\" alt=\"2016-04-19 Jahreshauptversammlung (6)\" width=\"640\" height=\"427\" srcset=\"http:\/\/www.lebenswerter-braubach.de\/wp-content\/uploads\/2016\/04\/2016-04-19-Jahreshauptversammlung-6.jpg 640w, http:\/\/www.lebenswerter-braubach.de\/wp-content\/uploads\/2016\/04\/2016-04-19-Jahreshauptversammlung-6-300x200.jpg 300w\" sizes=\"auto, (max-width: 640px) 100vw, 640px\" \/><\/a><p id=\"caption-attachment-456\" class=\"wp-caption-text\">Dr. Heinz Gemmer erl\u00e4utert die Visualisierungen des LBM<\/p><\/div>\n<p style=\"text-align: justify;\">\u00a0Interessierte B\u00fcrgerinnen und B\u00fcrger k\u00f6nnen sich \u00fcber alle aktuellen Entwicklungen auf unserer Homepage unter<u> <a href=\"http:\/\/www.braubach-lebenswerter.de\/\"><strong>www.braubach-lebenswerter.de<\/strong><\/a> <\/u>informieren.<\/p>\n<p style=\"text-align: justify;\">Dort kann auch die Info-Brosch\u00fcre und der Flyer zum Sachstand der Ortsumgehung\u00a0 heruntergeladen werden.<\/p>\n<p style=\"text-align: justify;\">B\u00fcrgerinitiative<br \/>\nBraubach lebenswerter e. V.<br \/>\n<em>der Vorstand<\/em><\/p>\n","protected":false},"excerpt":{"rendered":"<p>Am 19.04.2016 hatte der Vorstand der B\u00fcrgerinitiative Braubach lebenswerter e. V. zur Jahreshauptversammlung in den Gemeindesaal des katholischen Pfarrzentrums \u201eHeilig Geist\u201c in Braubach eingeladen. Gem\u00e4\u00df der Tagesordnung, er\u00f6ffnete der 1. Vorsitzende, Helmut Veit, die Versammlung und verlass den Rechenschaftsbericht. Der &hellip; <a href=\"http:\/\/www.lebenswerter-braubach.de\/?p=448\">Weiterlesen <span class=\"meta-nav\">&rarr;<\/span><\/a><\/p>\n","protected":false},"author":9,"featured_media":0,"comment_status":"closed","ping_status":"closed","sticky":false,"template":"","format":"standard","meta":{"footnotes":"","_links_to":"","_links_to_target":""},"categories":[8],"tags":[],"class_list":["post-448","post","type-post","status-publish","format-standard","hentry","category-allgemein"],"_links":{"self":[{"href":"http:\/\/www.lebenswerter-braubach.de\/index.php?rest_route=\/wp\/v2\/posts\/448","targetHints":{"allow":["GET"]}}],"collection":[{"href":"http:\/\/www.lebenswerter-braubach.de\/index.php?rest_route=\/wp\/v2\/posts"}],"about":[{"href":"http:\/\/www.lebenswerter-braubach.de\/index.php?rest_route=\/wp\/v2\/types\/post"}],"author":[{"embeddable":true,"href":"http:\/\/www.lebenswerter-braubach.de\/index.php?rest_route=\/wp\/v2\/users\/9"}],"replies":[{"embeddable":true,"href":"http:\/\/www.lebenswerter-braubach.de\/index.php?rest_route=%2Fwp%2Fv2%2Fcomments&post=448"}],"version-history":[{"count":0,"href":"http:\/\/www.lebenswerter-braubach.de\/index.php?rest_route=\/wp\/v2\/posts\/448\/revisions"}],"wp:attachment":[{"href":"http:\/\/www.lebenswerter-braubach.de\/index.php?rest_route=%2Fwp%2Fv2%2Fmedia&parent=448"}],"wp:term":[{"taxonomy":"category","embeddable":true,"href":"http:\/\/www.lebenswerter-braubach.de\/index.php?rest_route=%2Fwp%2Fv2%2Fcategories&post=448"},{"taxonomy":"post_tag","embeddable":true,"href":"http:\/\/www.lebenswerter-braubach.de\/index.php?rest_route=%2Fwp%2Fv2%2Ftags&post=448"}],"curies":[{"name":"wp","href":"https:\/\/api.w.org\/{rel}","templated":true}]}}