{"id":483,"date":"2017-08-04T21:30:17","date_gmt":"2017-08-04T19:30:17","guid":{"rendered":"http:\/\/www.lebenswerter-braubach.de\/?p=483"},"modified":"2017-12-15T22:25:12","modified_gmt":"2017-12-15T20:25:12","slug":"buergerinitiative-im-interview","status":"publish","type":"post","link":"http:\/\/www.lebenswerter-braubach.de\/?p=483","title":{"rendered":"B\u00fcrgerinitiative im Interview"},"content":{"rendered":"<p>B\u00fcrgerinitiative Braubach lebenswerter e.V. im Interview auf TV Mittelrhein<\/p>\n<p>Am 04.08.2017 hatte die B\u00fcrgerinitative Braubach lebenswerter e.V. die M\u00f6glichkeit, ihre Arbeit w\u00e4hrend eines Interview bei TV Mittelrhein vorzustellen.<\/p>\n<p><a href=\"https:\/\/www.drf-online.de\/clip\/11421\" target=\"_blank\" rel=\"noopener\"><img loading=\"lazy\" decoding=\"async\" class=\"alignleft wp-image-515 size-medium\" src=\"http:\/\/www.lebenswerter-braubach.de\/wp-content\/uploads\/2017\/08\/tv-mittelrhein-1-300x166.jpg\" alt=\"\" width=\"300\" height=\"166\" srcset=\"http:\/\/www.lebenswerter-braubach.de\/wp-content\/uploads\/2017\/08\/tv-mittelrhein-1-300x166.jpg 300w, http:\/\/www.lebenswerter-braubach.de\/wp-content\/uploads\/2017\/08\/tv-mittelrhein-1-768x424.jpg 768w, http:\/\/www.lebenswerter-braubach.de\/wp-content\/uploads\/2017\/08\/tv-mittelrhein-1.jpg 770w\" sizes=\"auto, (max-width: 300px) 100vw, 300px\" \/><\/a><\/p>\n<p>Zu Beginn erl\u00e4uterte Markus Fischer die Verkehrssituation in Braubach, welche f\u00fcr die B\u00fcrgerinnen und B\u00fcrger aber auch die Berufspendler eine t\u00e4glich, unzumutbare Belastung darstellt.<\/p>\n<p>&nbsp;<\/p>\n<p><!--more--><\/p>\n<p><a href=\"https:\/\/www.drf-online.de\/clip\/11421\" target=\"_blank\" rel=\"noopener\"><img loading=\"lazy\" decoding=\"async\" class=\"alignright wp-image-516 size-medium\" src=\"http:\/\/www.lebenswerter-braubach.de\/wp-content\/uploads\/2017\/08\/tv-mittelrhein-2-300x166.jpg\" alt=\"\" width=\"300\" height=\"166\" srcset=\"http:\/\/www.lebenswerter-braubach.de\/wp-content\/uploads\/2017\/08\/tv-mittelrhein-2-300x166.jpg 300w, http:\/\/www.lebenswerter-braubach.de\/wp-content\/uploads\/2017\/08\/tv-mittelrhein-2-768x424.jpg 768w, http:\/\/www.lebenswerter-braubach.de\/wp-content\/uploads\/2017\/08\/tv-mittelrhein-2.jpg 770w\" sizes=\"auto, (max-width: 300px) 100vw, 300px\" \/><\/a><\/p>\n<p>Als ersten gro\u00dfen Erfolg berichtete er weiter von der neu eingef\u00fchrten, durchg\u00e4ngigen\u00a0 Tempo-30-Regelung in der Rheinstra\u00dfe, der Oberalleestra\u00dfe sowie der Brunnenstra\u00dfe.<\/p>\n<p>Abschlie\u00dfend unterstrich er aber, dass die neue Tempo-Regelung nicht das uspr\u00fcngliche Problem l\u00f6st und somit der Bau einer Umgehungsstra\u00dfe weiterhin unverzichtbar und aus Sicht der B\u00fcrgerinitiative alternativlos ist und bleibt.<\/p>\n<p>Das Interview k\u00f6nnen sie hier ansehen:\u00a0 <a href=\"https:\/\/www.drf-online.de\/clip\/11421\" target=\"_blank\" rel=\"noopener\">Hier gehts zum Interview &#8230; [bitte anklicken]<\/a><\/p>\n","protected":false},"excerpt":{"rendered":"<p>B\u00fcrgerinitiative Braubach lebenswerter e.V. im Interview auf TV Mittelrhein Am 04.08.2017 hatte die B\u00fcrgerinitative Braubach lebenswerter e.V. die M\u00f6glichkeit, ihre Arbeit w\u00e4hrend eines Interview bei TV Mittelrhein vorzustellen. Zu Beginn erl\u00e4uterte Markus Fischer die Verkehrssituation in Braubach, welche f\u00fcr die &hellip; <a href=\"http:\/\/www.lebenswerter-braubach.de\/?p=483\">Weiterlesen <span class=\"meta-nav\">&rarr;<\/span><\/a><\/p>\n","protected":false},"author":9,"featured_media":0,"comment_status":"closed","ping_status":"closed","sticky":false,"template":"","format":"standard","meta":{"footnotes":"","_links_to":"","_links_to_target":""},"categories":[8],"tags":[],"class_list":["post-483","post","type-post","status-publish","format-standard","hentry","category-allgemein"],"_links":{"self":[{"href":"http:\/\/www.lebenswerter-braubach.de\/index.php?rest_route=\/wp\/v2\/posts\/483","targetHints":{"allow":["GET"]}}],"collection":[{"href":"http:\/\/www.lebenswerter-braubach.de\/index.php?rest_route=\/wp\/v2\/posts"}],"about":[{"href":"http:\/\/www.lebenswerter-braubach.de\/index.php?rest_route=\/wp\/v2\/types\/post"}],"author":[{"embeddable":true,"href":"http:\/\/www.lebenswerter-braubach.de\/index.php?rest_route=\/wp\/v2\/users\/9"}],"replies":[{"embeddable":true,"href":"http:\/\/www.lebenswerter-braubach.de\/index.php?rest_route=%2Fwp%2Fv2%2Fcomments&post=483"}],"version-history":[{"count":0,"href":"http:\/\/www.lebenswerter-braubach.de\/index.php?rest_route=\/wp\/v2\/posts\/483\/revisions"}],"wp:attachment":[{"href":"http:\/\/www.lebenswerter-braubach.de\/index.php?rest_route=%2Fwp%2Fv2%2Fmedia&parent=483"}],"wp:term":[{"taxonomy":"category","embeddable":true,"href":"http:\/\/www.lebenswerter-braubach.de\/index.php?rest_route=%2Fwp%2Fv2%2Fcategories&post=483"},{"taxonomy":"post_tag","embeddable":true,"href":"http:\/\/www.lebenswerter-braubach.de\/index.php?rest_route=%2Fwp%2Fv2%2Ftags&post=483"}],"curies":[{"name":"wp","href":"https:\/\/api.w.org\/{rel}","templated":true}]}}