{"id":526,"date":"2017-08-22T22:24:20","date_gmt":"2017-08-22T20:24:20","guid":{"rendered":"http:\/\/www.lebenswerter-braubach.de\/?p=526"},"modified":"2017-12-15T22:24:50","modified_gmt":"2017-12-15T20:24:50","slug":"rhein-lahn-post-kritisiert-tempo-30-regelung-scharf","status":"publish","type":"post","link":"http:\/\/www.lebenswerter-braubach.de\/?p=526","title":{"rendered":"Rhein-Lahn Post kritisiert Tempo-30 Regelung scharf"},"content":{"rendered":"<p>In einem Bericht ihrer Ausgabe vom 16. August 2017 kritisiert die Rhein-Lahn Post auffallend scharf die neu eingef\u00fchrte, durchgehende Tempo-30 Regelung in Braubach. Der Redakteur Matthias Schlenger stellt schon mit der \u00dcberschrift die Ma\u00dfnahme in Frage und titelt: &#8222;Braubach k\u00f6nnte sich einen B\u00e4rendienst erwiesen haben&#8220;.<\/p>\n<p>Der Artikel selbst ist fast durchweg negativ verfasst. Warum, dass wissen wir auch nicht &#8230; leider! Der Autor\u00a0vermisst Zahlen und Fakten die zur Umsetzung gef\u00fchrt haben und begr\u00fcndet dies selbst ausschlie\u00dflich nur mit Vermutungen und seiner\u00a0pers\u00f6nlichen Meinung.<\/p>\n<p>Sehr geehrter Herr Schlenger, sie schreiben, dass alle politischen Verantwortlichen und wir die B\u00fcrgerinitiative &#8222;Braubach lebenswerter e.V.&#8220; als Interessensgemeinschaft der Anwohner aber auch der Berufspendler uns immer wieder f\u00fcr diese \u00c4nderung eingesetzt haben, ist das nicht erst einmal etwas sehr positives, was es entsprechend positiv zu erw\u00e4hnen wert gewesen w\u00e4re? Politik g\u00e4nzlich partei\u00fcbergreifend und B\u00fcrger arbeiten an einem gleichen Ziel, Hand in Hand!\u00a0Wo findet man so etwas noch heutzutage?<\/p>\n<p>Haben sie einmal bei den Parteien hinterfragt, was zu deren Entscheidung beigetragen hat? Das geht nicht aus dem Bericht hervor. Haben sie uns einmal gefragt, was unsere Beweggr\u00fcnde sind und waren? Nein das\u00a0haben sie nicht! Wahrscheinlich haben sie noch nicht einmal unsere Homepage nachgelesen. Hier w\u00e4ren sie sehr schnell auf zahlreiche Gr\u00fcnde und Fakten gesto\u00dfen, die eine solche Regelung erforderten.<\/p>\n<p>Fakten,\u00a0welche wir Anwohner, aber auch die zahllosen Pendler hier tagein und tagaus ertragen m\u00fcssen. Fakten, die sich aus wesentlich mehr als &#8222;nur&#8220; ein paar abgefahrenen Spiegeln zusammen setzen.<\/p>\n<p>Sie fragen ob unsere Ma\u00dfnahmen nicht unsinnig klingen? So wie sie\u00a0unsere Arbeit\u00a0in ein\u00a0einseitiges Rampenlicht gesetzt haben, tun sie dies bestimmt. Sie beschreiben selbst die Wartezeiten am Obertor, die t\u00e4glichen Staus wollen dann aber\u00a0auf der anderen Seite mit &#8222;50 Sachen&#8220; durch die Stadt fahren. Schlie\u00dft das eine nicht das andere aus? Wie sinnig erscheint eine solche Aussage? Das die zul\u00e4ssige H\u00f6chstgeschwindigkeit vorher auf wenigen hundert Metern mehrfach zwischen Tempo 30 und Tempo 50 wechselte, wie sinnig erscheint ihnen das? Wir haben zu unterschiedlichen Tageszeiten g\u00e4nzlich unterschiedliche Verkehrssituationen. Dies ber\u00fccksichtigen sie in ihrem Artikel leider mit keinem Wort. Vielmehr greifen sie einzelne Punkte der unterschiedlichen Situationen gezielt heraus und vergleichen dann die sprichw\u00f6rtlichen Birnen mit den \u00c4pfeln.<\/p>\n<p>Wir k\u00f6nnen sicherlich recht gut mit Kritik umgehen, denn auch wir wissen, dass man es nicht allen gleicherma\u00dfen recht machen kann. Auch dann nicht, wenn man mit allen beteiligten in die gleiche Richtung f\u00e4hrt.<\/p>\n<p>Aber die Kritik muss fair und begr\u00fcndet sein. Beides haben wir in ihrem Artikel vermisst und bedauern dies zu tiefst. Und das sie dann auch noch die Sicherheitsaspekte mit einem handwisch unter den Tisch kehren und somit indirekt Frage stellen, das ist ein Schlag ins Gesicht aller Anwohner, die die aktuelle Verkehrssituation ertragen m\u00fcssen.<\/p>\n<p>Guter Journalismus geht anders Herr Schlenger. Guter Journalismus holt sich Meinungen aller Seiten ein und\u00a0wirft dann Pro und Contra fair und vor allem aus neutraler Sicht in die Waagschale. Was sie gemacht haben ist einseitige Meinungsbildung. Fragt sich, wer sich hier den gr\u00f6\u00dferen B\u00e4rendienst erwiesen hat.<\/p>\n<p>Wir, die B\u00fcrgerinitiative &#8222;Braubach lebenswerter e.V.&#8220; werden uns auch weiterhin f\u00fcr die Interessen unserer Mitglieder einsetzen. Unsere Ziele sind klar definiert und werden fair und offen mit unseren Gespr\u00e4chspartnern kommuniziert.<\/p>\n<p>Wir w\u00fcrden uns freuen, wenn sie uns zuk\u00fcnftig auch eine Chance geben, unsere Arbeit vorzustellen und vor allem unser Handeln zu begr\u00fcnden. Hierf\u00fcr stehen wir ihnen gerne f\u00fcr einen Ortstermin hier an der L335 in Braubach zur Verf\u00fcgung.<\/p>\n<p>Wenn dann unter dem Strich immer noch begr\u00fcndete Kritikpunkte im Raum stehen und\u00a0von der Presse aufgegriffen, dann ist es f\u00fcr uns nur halb so schmerzlich, diese entgegen zu nehmen.<\/p>\n<p>&nbsp;<\/p>\n<p>&nbsp;<\/p>\n","protected":false},"excerpt":{"rendered":"<p>In einem Bericht ihrer Ausgabe vom 16. August 2017 kritisiert die Rhein-Lahn Post auffallend scharf die neu eingef\u00fchrte, durchgehende Tempo-30 Regelung in Braubach. Der Redakteur Matthias Schlenger stellt schon mit der \u00dcberschrift die Ma\u00dfnahme in Frage und titelt: &#8222;Braubach k\u00f6nnte &hellip; <a href=\"http:\/\/www.lebenswerter-braubach.de\/?p=526\">Weiterlesen <span class=\"meta-nav\">&rarr;<\/span><\/a><\/p>\n","protected":false},"author":9,"featured_media":0,"comment_status":"closed","ping_status":"closed","sticky":false,"template":"","format":"standard","meta":{"footnotes":"","_links_to":"","_links_to_target":""},"categories":[8],"tags":[],"class_list":["post-526","post","type-post","status-publish","format-standard","hentry","category-allgemein"],"_links":{"self":[{"href":"http:\/\/www.lebenswerter-braubach.de\/index.php?rest_route=\/wp\/v2\/posts\/526","targetHints":{"allow":["GET"]}}],"collection":[{"href":"http:\/\/www.lebenswerter-braubach.de\/index.php?rest_route=\/wp\/v2\/posts"}],"about":[{"href":"http:\/\/www.lebenswerter-braubach.de\/index.php?rest_route=\/wp\/v2\/types\/post"}],"author":[{"embeddable":true,"href":"http:\/\/www.lebenswerter-braubach.de\/index.php?rest_route=\/wp\/v2\/users\/9"}],"replies":[{"embeddable":true,"href":"http:\/\/www.lebenswerter-braubach.de\/index.php?rest_route=%2Fwp%2Fv2%2Fcomments&post=526"}],"version-history":[{"count":0,"href":"http:\/\/www.lebenswerter-braubach.de\/index.php?rest_route=\/wp\/v2\/posts\/526\/revisions"}],"wp:attachment":[{"href":"http:\/\/www.lebenswerter-braubach.de\/index.php?rest_route=%2Fwp%2Fv2%2Fmedia&parent=526"}],"wp:term":[{"taxonomy":"category","embeddable":true,"href":"http:\/\/www.lebenswerter-braubach.de\/index.php?rest_route=%2Fwp%2Fv2%2Fcategories&post=526"},{"taxonomy":"post_tag","embeddable":true,"href":"http:\/\/www.lebenswerter-braubach.de\/index.php?rest_route=%2Fwp%2Fv2%2Ftags&post=526"}],"curies":[{"name":"wp","href":"https:\/\/api.w.org\/{rel}","templated":true}]}}