{"id":534,"date":"2017-11-02T12:50:40","date_gmt":"2017-11-02T10:50:40","guid":{"rendered":"http:\/\/www.lebenswerter-braubach.de\/?p=534"},"modified":"2017-11-05T12:52:50","modified_gmt":"2017-11-05T10:52:50","slug":"buergerinitiative-braubach-lebenswerter-laedt-ministerpraesidentin-malu-dreyer-nach-braubach-ein","status":"publish","type":"post","link":"http:\/\/www.lebenswerter-braubach.de\/?p=534","title":{"rendered":"B\u00fcrgerinitiative &#8222;Braubach lebenswerter&#8220; l\u00e4dt Ministerpr\u00e4sidentin Malu Dreyer nach Braubach ein"},"content":{"rendered":"<p>Braubach leidet seit vielen Jahren unter der zunehmenden Verkehrsflut. Die B\u00fcrger-initiative (BI) Braubach lebenswerter e. V. m\u00f6chte das nicht l\u00e4nger hinnehmen und schaltet seit 2013 alle politisch Verantwortlichen in Stadt, Verbandsgemeinde, Kreis, Land und Bund ein, um f\u00fcr Abhilfe zu sorgen.<\/p>\n<p>Das Ziel: Eine Umgehungsstra\u00dfe f\u00fcr die Wein- und Rosenstadt am Fu\u00df der Marksburg. An dem Erfordernis einer Entlastungsstra\u00dfe f\u00fcr die vielbefahrene Ortsdurchfahrt zweifelt keiner. Doch das Projekt ist ins Stocken geraten: &#8222;Seit fast zwei Jahren sind wir keinen Schritt voran gekommen&#8220;, klagt BI-Vorsitzender Helmut Veit. &#8222;Seit dem Fr\u00fchjahr ist eine Welterbevertr\u00e4glichkeitspr\u00fcfung der Stra\u00dfenbauma\u00dfnahme angek\u00fcndigt. Getan hat sich bisher aber nichts.&#8220;<\/p>\n<p><!--more--><\/p>\n<p>Gemeinsam mit Stadtb\u00fcrgermeister Joachim M\u00fcller und allen im Stadtrat vertretenen politischen Gruppierungen von CDU, FBL und SPD sowie B\u00fcrgermeister Werner Gro\u00df von der Verbandsgemeinde Loreley ergriff die BI nun die Initiative und lud Minister-pr\u00e4sidentin Dreyer herzlich zu einem Besuch nach Braubach ein.<\/p>\n<div id=\"attachment_537\" style=\"width: 650px\" class=\"wp-caption aligncenter\"><img loading=\"lazy\" decoding=\"async\" aria-describedby=\"caption-attachment-537\" class=\"size-large wp-image-537\" src=\"http:\/\/www.lebenswerter-braubach.de\/wp-content\/uploads\/2017\/11\/2017-10-27-11.26.50-1024x571.jpg\" alt=\"\" width=\"640\" height=\"357\" srcset=\"http:\/\/www.lebenswerter-braubach.de\/wp-content\/uploads\/2017\/11\/2017-10-27-11.26.50-1024x571.jpg 1024w, http:\/\/www.lebenswerter-braubach.de\/wp-content\/uploads\/2017\/11\/2017-10-27-11.26.50-300x167.jpg 300w, http:\/\/www.lebenswerter-braubach.de\/wp-content\/uploads\/2017\/11\/2017-10-27-11.26.50-768x428.jpg 768w\" sizes=\"auto, (max-width: 640px) 100vw, 640px\" \/><p id=\"caption-attachment-537\" class=\"wp-caption-text\">Innenminister Roger Lewentz (2. v. l.) nahm das Schreiben der B\u00fcrgerinitiative Braubach lebenswerter an Ministerpr\u00e4sidentin Dreyer in Empfang. Mit dabei B\u00fcrgermeister Werner Gro\u00df (l.) und Stadtb\u00fcrgermeister Joachim M\u00fcller (3. v. l.) sowie Markus Fischer (3. v. r.), Rainer Heidrich (2. v. r.) und Heinz Scholl (r.), die die Einladung gemeinsam mit der B\u00fcrgerinitiative aussprachen.<\/p><\/div>\n<p>&#8222;Durch unseren kleinen Ort fahren in der Spitze t\u00e4glich rund 9.700 Fahrzeuge davon mehrere hundert LKW. Diese Zahlen wurden durch eine offizielle Verkehrsz\u00e4hlung ermittelt. Dies ist f\u00fcr die B\u00fcrger aufgrund der L\u00e4rm- und Staubbelastung ein un-ertr\u00e4glicher Zustand, der sich in naher Zukunft noch verst\u00e4rken wird&#8220;, erl\u00e4utert BI-Chef Veit die Lage.<\/p>\n<p>Die Landesstra\u00dfe 335, die mitten durch Braubach f\u00fchrt, ist die Hauptverkehrsachse zwischen dem Rhein-Main-Gebiet und dem Gro\u00dfraum Koblenz. Seit zwei Jahren wird an einer Umgehungsstra\u00dfe f\u00fcr die Orte Miehlen und Marienfels gebaut. Wenn diese beiden Umgehungsstra\u00dfen fertig sind, wird Braubach der einzige Ort in dieser Haupt-verkehrsachse ohne Umgehungsstra\u00dfe sein. Und das, obwohl gerade in Braubach der histroische Obertorturm die Fahrbahn auf eine Spur verengt.<\/p>\n<p>Der stellvertretende BI-Vorsitzende Markus Fischer \u00fcbergab die Einladung an die Ministerpr\u00e4sidentin an Innenminister Roger Lewentz, der versprach, diese an Dreyer weiterzuleiten: &#8222;Wir w\u00fcrden uns freuen, wenn Frau Dreyer uns in Braubach besucht, damit wir ihr das Projekt vor Ort vorstellen und sie sich von der Notwendigkeit einer Umgehungstra\u00dfe \u00fcberzeugen kann. Durch ihr Kommen w\u00fcrde sie nicht nur den Braubachern, sondern auch den vielen tausend von Berufspendlern zeigen, dass auch f\u00fcr unsere Landeschefin das Projekt wichtig ist&#8220;, ist sich der Vorstand der Braubacher B\u00fcrgerinitiative sicher.<\/p>\n","protected":false},"excerpt":{"rendered":"<p>Braubach leidet seit vielen Jahren unter der zunehmenden Verkehrsflut. Die B\u00fcrger-initiative (BI) Braubach lebenswerter e. V. m\u00f6chte das nicht l\u00e4nger hinnehmen und schaltet seit 2013 alle politisch Verantwortlichen in Stadt, Verbandsgemeinde, Kreis, Land und Bund ein, um f\u00fcr Abhilfe zu &hellip; <a href=\"http:\/\/www.lebenswerter-braubach.de\/?p=534\">Weiterlesen <span class=\"meta-nav\">&rarr;<\/span><\/a><\/p>\n","protected":false},"author":9,"featured_media":0,"comment_status":"closed","ping_status":"closed","sticky":false,"template":"","format":"standard","meta":{"footnotes":"","_links_to":"","_links_to_target":""},"categories":[8],"tags":[],"class_list":["post-534","post","type-post","status-publish","format-standard","hentry","category-allgemein"],"_links":{"self":[{"href":"http:\/\/www.lebenswerter-braubach.de\/index.php?rest_route=\/wp\/v2\/posts\/534","targetHints":{"allow":["GET"]}}],"collection":[{"href":"http:\/\/www.lebenswerter-braubach.de\/index.php?rest_route=\/wp\/v2\/posts"}],"about":[{"href":"http:\/\/www.lebenswerter-braubach.de\/index.php?rest_route=\/wp\/v2\/types\/post"}],"author":[{"embeddable":true,"href":"http:\/\/www.lebenswerter-braubach.de\/index.php?rest_route=\/wp\/v2\/users\/9"}],"replies":[{"embeddable":true,"href":"http:\/\/www.lebenswerter-braubach.de\/index.php?rest_route=%2Fwp%2Fv2%2Fcomments&post=534"}],"version-history":[{"count":0,"href":"http:\/\/www.lebenswerter-braubach.de\/index.php?rest_route=\/wp\/v2\/posts\/534\/revisions"}],"wp:attachment":[{"href":"http:\/\/www.lebenswerter-braubach.de\/index.php?rest_route=%2Fwp%2Fv2%2Fmedia&parent=534"}],"wp:term":[{"taxonomy":"category","embeddable":true,"href":"http:\/\/www.lebenswerter-braubach.de\/index.php?rest_route=%2Fwp%2Fv2%2Fcategories&post=534"},{"taxonomy":"post_tag","embeddable":true,"href":"http:\/\/www.lebenswerter-braubach.de\/index.php?rest_route=%2Fwp%2Fv2%2Ftags&post=534"}],"curies":[{"name":"wp","href":"https:\/\/api.w.org\/{rel}","templated":true}]}}