{"id":623,"date":"2018-12-05T08:08:12","date_gmt":"2018-12-05T06:08:12","guid":{"rendered":"http:\/\/www.lebenswerter-braubach.de\/?p=623"},"modified":"2018-12-10T08:13:52","modified_gmt":"2018-12-10T06:13:52","slug":"sanierung-koppelsteinbruecke-verzoegert-sich","status":"publish","type":"post","link":"http:\/\/www.lebenswerter-braubach.de\/?p=623","title":{"rendered":"Sanierung Koppelsteinbr\u00fccke verz\u00f6gert sich"},"content":{"rendered":"<p>Wie der Landesbetrieb f\u00fcr Mobilit\u00e4t (LBM) an 05.12.2018 mitteilte, verz\u00f6gert sich der Start der Br\u00fcckensanierung auf mindestens Anfang Januar. Aus diesem Grund wurde auch die umfangreiche Umleitungs-Beschilderung wieder g\u00e4nzlich entfernt.<\/p>\n<p>Betreffend unserer Forderung nach einer sicheren Fu\u00dfg\u00e4nger\u00fcberf\u00fchrung wurde auf die Zust\u00e4ndigkeit der Verkehrsbeh\u00f6rder der Verbandsgemeinde Loreley verwiesen. Sollte diese von der Verkehrsbeh\u00f6rde direkt angeordnet werden, w\u00e4re eine Einrichtung m\u00f6glich.<\/p>\n<p>Ebenfalls bot der LBM an, eine B\u00fcrgerinformation vor Ort durchzuf\u00fchren und bat B\u00fcrgermeister Joachim M\u00fcller um entsprechende Terminvorschl\u00e4ge.<\/p>\n","protected":false},"excerpt":{"rendered":"<p>Wie der Landesbetrieb f\u00fcr Mobilit\u00e4t (LBM) an 05.12.2018 mitteilte, verz\u00f6gert sich der Start der Br\u00fcckensanierung auf mindestens Anfang Januar. Aus diesem Grund wurde auch die umfangreiche Umleitungs-Beschilderung wieder g\u00e4nzlich entfernt. Betreffend unserer Forderung nach einer sicheren Fu\u00dfg\u00e4nger\u00fcberf\u00fchrung wurde auf die &hellip; <a href=\"http:\/\/www.lebenswerter-braubach.de\/?p=623\">Weiterlesen <span class=\"meta-nav\">&rarr;<\/span><\/a><\/p>\n","protected":false},"author":9,"featured_media":0,"comment_status":"closed","ping_status":"closed","sticky":false,"template":"","format":"standard","meta":{"footnotes":"","_links_to":"","_links_to_target":""},"categories":[8],"tags":[],"class_list":["post-623","post","type-post","status-publish","format-standard","hentry","category-allgemein"],"_links":{"self":[{"href":"http:\/\/www.lebenswerter-braubach.de\/index.php?rest_route=\/wp\/v2\/posts\/623","targetHints":{"allow":["GET"]}}],"collection":[{"href":"http:\/\/www.lebenswerter-braubach.de\/index.php?rest_route=\/wp\/v2\/posts"}],"about":[{"href":"http:\/\/www.lebenswerter-braubach.de\/index.php?rest_route=\/wp\/v2\/types\/post"}],"author":[{"embeddable":true,"href":"http:\/\/www.lebenswerter-braubach.de\/index.php?rest_route=\/wp\/v2\/users\/9"}],"replies":[{"embeddable":true,"href":"http:\/\/www.lebenswerter-braubach.de\/index.php?rest_route=%2Fwp%2Fv2%2Fcomments&post=623"}],"version-history":[{"count":0,"href":"http:\/\/www.lebenswerter-braubach.de\/index.php?rest_route=\/wp\/v2\/posts\/623\/revisions"}],"wp:attachment":[{"href":"http:\/\/www.lebenswerter-braubach.de\/index.php?rest_route=%2Fwp%2Fv2%2Fmedia&parent=623"}],"wp:term":[{"taxonomy":"category","embeddable":true,"href":"http:\/\/www.lebenswerter-braubach.de\/index.php?rest_route=%2Fwp%2Fv2%2Fcategories&post=623"},{"taxonomy":"post_tag","embeddable":true,"href":"http:\/\/www.lebenswerter-braubach.de\/index.php?rest_route=%2Fwp%2Fv2%2Ftags&post=623"}],"curies":[{"name":"wp","href":"https:\/\/api.w.org\/{rel}","templated":true}]}}