{"id":626,"date":"2019-02-02T13:51:33","date_gmt":"2019-02-02T11:51:33","guid":{"rendered":"http:\/\/www.lebenswerter-braubach.de\/?p=626"},"modified":"2019-02-03T14:04:29","modified_gmt":"2019-02-03T12:04:29","slug":"bi-nimmt-an-der-ortsbegehung-der-spd-teil","status":"publish","type":"post","link":"http:\/\/www.lebenswerter-braubach.de\/?p=626","title":{"rendered":"BI nimmt an der Ortsbegehung der SPD teil"},"content":{"rendered":"\n<p>Am 01.02.2019 lud der Ortsverband der SPD Braubach zu einer \u00f6ffentlichen Ortsbeghung ein. Da auch die aktuelle Verkehrssituation ein Thema der Veranstalung war, nahmen wir mit einer kleinen Abordnung an der Begehung teil.<\/p>\n\n\n\n<p>Da die Baustelle an der Koppelsteinbr\u00fccke nun seit geraumer Zeit eingerichtet ist und in diesem Zuge auch die tempor\u00e4re \u00c4nderung der angek\u00fcndigten Stra\u00dfenf\u00fchrung vollzogen wurde, brachten wir erneut unsere Forderung nach einem sicheren Fu\u00dfg\u00e4nger\u00fcberweg im Bereich der Friedrichstra\u00dfe in H\u00f6he des VG-Verwaltungsgeb\u00e4udes zur Sprache.<\/p>\n\n\n\n<figure class=\"wp-block-image\"><img loading=\"lazy\" decoding=\"async\" width=\"1024\" height=\"576\" src=\"http:\/\/www.lebenswerter-braubach.de\/wp-content\/uploads\/2019\/02\/2019-02-01-BI-bei-SPD-Ortsbegehung-1-1024x576.jpg\" alt=\"\" class=\"wp-image-627\" srcset=\"http:\/\/www.lebenswerter-braubach.de\/wp-content\/uploads\/2019\/02\/2019-02-01-BI-bei-SPD-Ortsbegehung-1-1024x576.jpg 1024w, http:\/\/www.lebenswerter-braubach.de\/wp-content\/uploads\/2019\/02\/2019-02-01-BI-bei-SPD-Ortsbegehung-1-300x169.jpg 300w, http:\/\/www.lebenswerter-braubach.de\/wp-content\/uploads\/2019\/02\/2019-02-01-BI-bei-SPD-Ortsbegehung-1-768x432.jpg 768w\" sizes=\"auto, (max-width: 1024px) 100vw, 1024px\" \/><figcaption><em>Der erste Vorsitzende der B\u00fcrgeinititive &#8222;Helmut Veit&#8220; im Dialog mit Mike Weiland <\/em><br><em>und den Mitgliedern des SPD Ortsverbands.<\/em><\/figcaption><\/figure>\n\n\n\n<p>Hier trafen wir auf offene Ohren. Wie uns die anwesenden Mitglieder des SPD Ortsverbandes, sowie der teilnehmende SPD Kreis-Chef Mike Weiland versicherten, sieht auch die SPD die Notwendigkeit einer solchen Ma\u00dfnahme und versprach, in sich in den betreffenden Gremien hierf\u00fcr einzusetzen.<\/p>\n\n\n\n<p>Im Zuge der Gespr\u00e4che verwiesen wir auf unseren Schriftverkehr mit dem Landesbetrieb Mobilit\u00e4t. In diesem wurde eine schnelle Umsetzung einer solchen Ma\u00dfnahme zugesichert. Allerdings muss zuvor ein entsprechender Antrag auf die Initiative der Ortsverwaltung durch die VG gestellt werden.<\/p>\n\n\n\n<p>Uns ist leider nicht bekannt, ob dieses Anliegen auf diesen Ebenen bereits thematisiert wurde.<br><\/p>\n","protected":false},"excerpt":{"rendered":"<p>Am 01.02.2019 lud der Ortsverband der SPD Braubach zu einer \u00f6ffentlichen Ortsbeghung ein. Da auch die aktuelle Verkehrssituation ein Thema der Veranstalung war, nahmen wir mit einer kleinen Abordnung an der Begehung teil. Da die Baustelle an der Koppelsteinbr\u00fccke nun &hellip; <a href=\"http:\/\/www.lebenswerter-braubach.de\/?p=626\">Weiterlesen <span class=\"meta-nav\">&rarr;<\/span><\/a><\/p>\n","protected":false},"author":9,"featured_media":0,"comment_status":"closed","ping_status":"closed","sticky":false,"template":"","format":"standard","meta":{"footnotes":"","_links_to":"","_links_to_target":""},"categories":[8],"tags":[],"class_list":["post-626","post","type-post","status-publish","format-standard","hentry","category-allgemein"],"_links":{"self":[{"href":"http:\/\/www.lebenswerter-braubach.de\/index.php?rest_route=\/wp\/v2\/posts\/626","targetHints":{"allow":["GET"]}}],"collection":[{"href":"http:\/\/www.lebenswerter-braubach.de\/index.php?rest_route=\/wp\/v2\/posts"}],"about":[{"href":"http:\/\/www.lebenswerter-braubach.de\/index.php?rest_route=\/wp\/v2\/types\/post"}],"author":[{"embeddable":true,"href":"http:\/\/www.lebenswerter-braubach.de\/index.php?rest_route=\/wp\/v2\/users\/9"}],"replies":[{"embeddable":true,"href":"http:\/\/www.lebenswerter-braubach.de\/index.php?rest_route=%2Fwp%2Fv2%2Fcomments&post=626"}],"version-history":[{"count":0,"href":"http:\/\/www.lebenswerter-braubach.de\/index.php?rest_route=\/wp\/v2\/posts\/626\/revisions"}],"wp:attachment":[{"href":"http:\/\/www.lebenswerter-braubach.de\/index.php?rest_route=%2Fwp%2Fv2%2Fmedia&parent=626"}],"wp:term":[{"taxonomy":"category","embeddable":true,"href":"http:\/\/www.lebenswerter-braubach.de\/index.php?rest_route=%2Fwp%2Fv2%2Fcategories&post=626"},{"taxonomy":"post_tag","embeddable":true,"href":"http:\/\/www.lebenswerter-braubach.de\/index.php?rest_route=%2Fwp%2Fv2%2Ftags&post=626"}],"curies":[{"name":"wp","href":"https:\/\/api.w.org\/{rel}","templated":true}]}}