{"id":730,"date":"2019-03-15T21:10:38","date_gmt":"2019-03-15T19:10:38","guid":{"rendered":"http:\/\/www.lebenswerter-braubach.de\/?p=730"},"modified":"2019-03-15T21:10:39","modified_gmt":"2019-03-15T19:10:39","slug":"der-vorstand-der-bi-zu-gast-im-wirtschaftsministerium","status":"publish","type":"post","link":"http:\/\/www.lebenswerter-braubach.de\/?p=730","title":{"rendered":"Der Vorstand der BI zu Gast im Wirtschaftsministerium"},"content":{"rendered":"\n<p> Auf Einladung von Staatssekret\u00e4r Andy  Becht reiste der Vorstand der  B\u00fcrgerinitiative am 14.03.2019 nach Mainz zum Ministerium f\u00fcr  Wirtschaft, Verkehr, Landwirtschaft und Weinbau. <\/p>\n\n\n\n<figure class=\"wp-block-image\"><img loading=\"lazy\" decoding=\"async\" width=\"1024\" height=\"769\" src=\"http:\/\/www.lebenswerter-braubach.de\/wp-content\/uploads\/2019\/03\/AndyB-001-1024x769.jpg\" alt=\"\" class=\"wp-image-722\" srcset=\"http:\/\/www.lebenswerter-braubach.de\/wp-content\/uploads\/2019\/03\/AndyB-001-1024x769.jpg 1024w, http:\/\/www.lebenswerter-braubach.de\/wp-content\/uploads\/2019\/03\/AndyB-001-300x225.jpg 300w, http:\/\/www.lebenswerter-braubach.de\/wp-content\/uploads\/2019\/03\/AndyB-001-768x577.jpg 768w\" sizes=\"auto, (max-width: 1024px) 100vw, 1024px\" \/><\/figure>\n\n\n\n<p>Ein ausf\u00fchrlicher Bericht zu unserem Besuch folgt in K\u00fcrze. Ein kurzes Feedback finden Sie vorab hier:<\/p>\n\n\n\n<div class=\"wp-block-file\"><a href=\"http:\/\/www.lebenswerter-braubach.de\/wp-content\/uploads\/2019\/03\/VID-20190314-WA0010.mp4\" target=\"_blank\" rel=\"noreferrer noopener\">Video Wirtschaftsministerium<\/a><a href=\"http:\/\/www.lebenswerter-braubach.de\/wp-content\/uploads\/2019\/03\/VID-20190314-WA0010.mp4\" class=\"wp-block-file__button\" download>Herunterladen<\/a><\/div>\n","protected":false},"excerpt":{"rendered":"<p>Auf Einladung von Staatssekret\u00e4r Andy Becht reiste der Vorstand der B\u00fcrgerinitiative am 14.03.2019 nach Mainz zum Ministerium f\u00fcr Wirtschaft, Verkehr, Landwirtschaft und Weinbau. Ein ausf\u00fchrlicher Bericht zu unserem Besuch folgt in K\u00fcrze. Ein kurzes Feedback finden Sie vorab hier:<\/p>\n","protected":false},"author":9,"featured_media":0,"comment_status":"closed","ping_status":"closed","sticky":false,"template":"","format":"standard","meta":{"footnotes":"","_links_to":"","_links_to_target":""},"categories":[8],"tags":[],"class_list":["post-730","post","type-post","status-publish","format-standard","hentry","category-allgemein"],"_links":{"self":[{"href":"http:\/\/www.lebenswerter-braubach.de\/index.php?rest_route=\/wp\/v2\/posts\/730","targetHints":{"allow":["GET"]}}],"collection":[{"href":"http:\/\/www.lebenswerter-braubach.de\/index.php?rest_route=\/wp\/v2\/posts"}],"about":[{"href":"http:\/\/www.lebenswerter-braubach.de\/index.php?rest_route=\/wp\/v2\/types\/post"}],"author":[{"embeddable":true,"href":"http:\/\/www.lebenswerter-braubach.de\/index.php?rest_route=\/wp\/v2\/users\/9"}],"replies":[{"embeddable":true,"href":"http:\/\/www.lebenswerter-braubach.de\/index.php?rest_route=%2Fwp%2Fv2%2Fcomments&post=730"}],"version-history":[{"count":0,"href":"http:\/\/www.lebenswerter-braubach.de\/index.php?rest_route=\/wp\/v2\/posts\/730\/revisions"}],"wp:attachment":[{"href":"http:\/\/www.lebenswerter-braubach.de\/index.php?rest_route=%2Fwp%2Fv2%2Fmedia&parent=730"}],"wp:term":[{"taxonomy":"category","embeddable":true,"href":"http:\/\/www.lebenswerter-braubach.de\/index.php?rest_route=%2Fwp%2Fv2%2Fcategories&post=730"},{"taxonomy":"post_tag","embeddable":true,"href":"http:\/\/www.lebenswerter-braubach.de\/index.php?rest_route=%2Fwp%2Fv2%2Ftags&post=730"}],"curies":[{"name":"wp","href":"https:\/\/api.w.org\/{rel}","templated":true}]}}