{"id":742,"date":"2019-04-25T20:15:56","date_gmt":"2019-04-25T18:15:56","guid":{"rendered":"http:\/\/www.lebenswerter-braubach.de\/?p=742"},"modified":"2019-05-01T20:34:25","modified_gmt":"2019-05-01T18:34:25","slug":"pressebericht-zum-besuch-im-verkehrsministerium-rlp","status":"publish","type":"post","link":"http:\/\/www.lebenswerter-braubach.de\/?p=742","title":{"rendered":"Pressebericht zum Besuch im Verkehrsministerium RLP"},"content":{"rendered":"\n<p>Auf\nEinladung des Staatssekret\u00e4rs Andy Becht und Initiative von der stellvertretenden\nFDP-Fraktionsvorsitzenden Monika Becker erfolgte von Vertretern der BI Braubach\nlebenswerter e. V, Stadt Braubach und der VG-Loreley im M\u00e4rz 2019 ein Besuch im\nMinisterium f\u00fcr Wirtschaft, Verkehr, Landwirtschaft und\nWeinbau &nbsp;in Mainz.<\/p>\n\n\n\n<p>Der Besuch\ndiente zur Information zu den aktuellen Planungsst\u00e4nden und der Abstimmung bei\nder weiteren Vorgehensweise f\u00fcr die Ortsumgehung Braubach. Au\u00dferdem sollte\ner\u00f6rtert werden, wie die BI sich aktiv am weiteren Planungsprozess beteiligen\nkann. Hierzu hatte die BI im Vorfeld einen Fragenkatalog erarbeitet, der mit\nden Vertretern des Verkehrsministeriums besprochen wurde.<\/p>\n\n\n\n<p>Staatssekret\u00e4r Andy Becht erl\u00e4uterte in seinen einf\u00fchrenden Worten die aktuelle Verkehrspolitik der Landesregierung. Grunds\u00e4tzlich wird dem Erhalt von Landesstra\u00dfen Vorrang vor einem Neubau einger\u00e4umt. Im Fall Braubach handelt es sich allerdings um eine Ma\u00dfnahme, die nur durch einen Neubau zu realisieren ist.<\/p>\n\n\n\n<figure class=\"wp-block-image\"><img loading=\"lazy\" decoding=\"async\" width=\"1024\" height=\"769\" src=\"http:\/\/www.lebenswerter-braubach.de\/wp-content\/uploads\/2019\/05\/AndyB-001-1024x769.jpg\" alt=\"\" class=\"wp-image-744\" srcset=\"http:\/\/www.lebenswerter-braubach.de\/wp-content\/uploads\/2019\/05\/AndyB-001-1024x769.jpg 1024w, http:\/\/www.lebenswerter-braubach.de\/wp-content\/uploads\/2019\/05\/AndyB-001-300x225.jpg 300w, http:\/\/www.lebenswerter-braubach.de\/wp-content\/uploads\/2019\/05\/AndyB-001-768x577.jpg 768w\" sizes=\"auto, (max-width: 1024px) 100vw, 1024px\" \/><figcaption>Vertreter der B\u00fcrgerinitiative &#8222;Braubach lebenswerter e.V.&#8220; der Stadtspitze, Verbandsb\u00fcrgermeister Werner Gro\u00df und Frau Monika Becker zu Besuch bei Staatssekret\u00e4r Andy Becht.<\/figcaption><\/figure>\n\n\n\n<p>Die\nLandesregierung hat bei insgesamt ca. 150 Landesstra\u00dfenprojekten 17 Neubauprojekte\nmit besonders hoher Priorit\u00e4t eingestuft, wo vorrangig die Planungen begonnen\noder fortgef\u00fchrt werden sollen. Die Ortsumgehung Braubach ist Bestandteil dieser\nausgew\u00e4hlten Bauvorhaben und verf\u00fcgt zurzeit \u00fcber das viertgr\u00f6\u00dfte\nKosten-Nutzen-Verh\u00e4ltnis und ist mit gro\u00dfen Vorteilen in den Kategorien\nSt\u00e4dtebau und Raumordnung eingestuft.<\/p>\n\n\n\n<p>Die BI bewertet diesen Sachverhalt als Erfolg ihrer bisherigen Arbeit, trotzdem muss realistischerweise festgestellt werden, dass bis zum Bau der Ortsumgehung noch viel Ausdauer und Engagement erforderlich ist. Von daher sind wir f\u00fcr jede Unterst\u00fctzung dankbar.<\/p>\n\n\n\n<p>Zum aktuellen Sachstand erl\u00e4uterte der Verkehrsstaatssekret\u00e4r, dass als n\u00e4chster Planungsschritt die Abstimmung mit der UNESCO erforderlich ist. Deshalb wird zurzeit im Rahmen des neu zu erstellenden Masterplans Oberes Mittelrheintal auch ein Gutachten zur Kl\u00e4rung der Umwelt-\/Welterbevertr\u00e4glichkeit f\u00fcr die Umgehung Braubach erstellt, das dann der UNESCO als Entscheidungshilfe dienen soll. <\/p>\n\n\n\n<p>Von Seiten\nder BI wurde deutlich gemacht, dass neben dem Schutz der Anwohner an den betroffenen\nBraubacher Durchgangsstra\u00dfen, auch der historische Ortskern ein sch\u00fctzenwertes\nGut darstellt, was von hoher Stra\u00dfenverkehrsbelastung frei zu halten ist. Von\nSeiten der BI ist zu diesem Punkt der Kontakt zum Kulturministerium geplant, um\ndort auf diese besondere Problematik aufmerksam zu machen.<\/p>\n\n\n\n<p>Auch im\nHinblick auf die BUGA 2029 wird es zu einer zus\u00e4tzlichen Versch\u00e4rfung, der ohnehin\nangespannten Verkehrssituation kommen, wenn zahlreiche Besucher ins\nMittelrheintal str\u00f6men.<\/p>\n\n\n\n<p>Weiterhin,\nso die BI, muss man auch die Situation der Berufspendler im Auge behalten, die\nt\u00e4glich das einspurige Nadel\u00f6hr am Obertor passieren. Die BI bef\u00fcrchtet, dass\nnach dem weiteren Ausbau der L335 und nach dem L\u00fcckenschluss durch die\nOrtsumgehung Miehlen-Marienfels, sich die Situation am Obertor noch weiter\nversch\u00e4rfen wird. <\/p>\n\n\n\n<p>Fazit:<\/p>\n\n\n\n<p>Viele Gr\u00fcnde,\nvon \u00f6rtlicher und \u00fcberregionaler Bedeutung, sprechen f\u00fcr die Notwendigkeit der\nOrtsumgehung, damit es in Braubach zu einer schnellen und dauerhaften Entlastung\nkommt.<\/p>\n\n\n\n<p>In ihren\nSchlussworten betonte Frau Becker, dass sie den Bau der Ortsumgehung\nausdr\u00fccklich unterst\u00fctzt. Mit der Aufnahme in die Liste der Neubauprojekte im\nLandestra\u00dfenbau ist neuer Schwung in die Weiterf\u00fchrung der Planungen gekommen.\nWichtig ist, dass die angestrebte Ortsumgehung welterbevertr\u00e4glich sein wird.\nDies wird derzeit im zust\u00e4ndigen Wissenschaftsministerium gepr\u00fcft.<\/p>\n\n\n\n<p>Nach\ndem erfolgreichen Abschluss dieser Pr\u00fcfung k\u00f6nnen dann die stra\u00dfenplanerischen\nUnterlagen f\u00fcr ein Raumordnungsverfahren erstellt werden, so die stellvertretende\nFDP-Fraktionsvorsitzende Monika Becker. <\/p>\n\n\n\n<p>Staatssekret\u00e4r Andy Becht und der BI-Vorsitzende, Helmut Veit bedankten sich abschlie\u00dfend bei allen Gespr\u00e4chsteilnehmern f\u00fcr das informative Gespr\u00e4ch und w\u00fcnscht sich die Fortf\u00fchrung der offenen und partei\u00fcbergreifenden Zusammenarbeit.<\/p>\n\n\n\n<p>Hier geht es zu einem kleinen Videostatement unserer Besuches:<\/p>\n\n\n\n<div class=\"wp-block-file\"><a href=\"http:\/\/www.lebenswerter-braubach.de\/wp-content\/uploads\/2019\/05\/VID-20190314-WA0010.mp4\">Besuch im Verkehrsministerium<\/a><a href=\"http:\/\/www.lebenswerter-braubach.de\/wp-content\/uploads\/2019\/05\/VID-20190314-WA0010.mp4\" class=\"wp-block-file__button\" download>Herunterladen<\/a><\/div>\n\n\n\n<p>B\u00fcrgerinitiative\nBraubach lebenswerter e. V.<\/p>\n\n\n\n<p><\/p>\n","protected":false},"excerpt":{"rendered":"<p>Auf Einladung des Staatssekret\u00e4rs Andy Becht und Initiative von der stellvertretenden FDP-Fraktionsvorsitzenden Monika Becker erfolgte von Vertretern der BI Braubach lebenswerter e. V, Stadt Braubach und der VG-Loreley im M\u00e4rz 2019 ein Besuch im Ministerium f\u00fcr Wirtschaft, Verkehr, Landwirtschaft und &hellip; <a href=\"http:\/\/www.lebenswerter-braubach.de\/?p=742\">Weiterlesen <span class=\"meta-nav\">&rarr;<\/span><\/a><\/p>\n","protected":false},"author":9,"featured_media":0,"comment_status":"closed","ping_status":"closed","sticky":false,"template":"","format":"standard","meta":{"footnotes":"","_links_to":"","_links_to_target":""},"categories":[8],"tags":[],"class_list":["post-742","post","type-post","status-publish","format-standard","hentry","category-allgemein"],"_links":{"self":[{"href":"http:\/\/www.lebenswerter-braubach.de\/index.php?rest_route=\/wp\/v2\/posts\/742","targetHints":{"allow":["GET"]}}],"collection":[{"href":"http:\/\/www.lebenswerter-braubach.de\/index.php?rest_route=\/wp\/v2\/posts"}],"about":[{"href":"http:\/\/www.lebenswerter-braubach.de\/index.php?rest_route=\/wp\/v2\/types\/post"}],"author":[{"embeddable":true,"href":"http:\/\/www.lebenswerter-braubach.de\/index.php?rest_route=\/wp\/v2\/users\/9"}],"replies":[{"embeddable":true,"href":"http:\/\/www.lebenswerter-braubach.de\/index.php?rest_route=%2Fwp%2Fv2%2Fcomments&post=742"}],"version-history":[{"count":0,"href":"http:\/\/www.lebenswerter-braubach.de\/index.php?rest_route=\/wp\/v2\/posts\/742\/revisions"}],"wp:attachment":[{"href":"http:\/\/www.lebenswerter-braubach.de\/index.php?rest_route=%2Fwp%2Fv2%2Fmedia&parent=742"}],"wp:term":[{"taxonomy":"category","embeddable":true,"href":"http:\/\/www.lebenswerter-braubach.de\/index.php?rest_route=%2Fwp%2Fv2%2Fcategories&post=742"},{"taxonomy":"post_tag","embeddable":true,"href":"http:\/\/www.lebenswerter-braubach.de\/index.php?rest_route=%2Fwp%2Fv2%2Ftags&post=742"}],"curies":[{"name":"wp","href":"https:\/\/api.w.org\/{rel}","templated":true}]}}