{"id":764,"date":"2019-10-23T22:43:54","date_gmt":"2019-10-23T20:43:54","guid":{"rendered":"http:\/\/www.lebenswerter-braubach.de\/?p=764"},"modified":"2019-10-27T13:38:59","modified_gmt":"2019-10-27T11:38:59","slug":"neue-verkehrsmesstafel-an-stadt-braubach-uebergeben","status":"publish","type":"post","link":"http:\/\/www.lebenswerter-braubach.de\/?p=764","title":{"rendered":"Neue Geschwindigkeits-Anzeigetafel an Stadt Braubach \u00fcbergeben"},"content":{"rendered":"\n<p>Nach \u00fcberaus positiven Erfahrungen mit der ersten Geschwindigkeits-Anzeigetafel hat die <strong>B\u00fcrgerinitiative Braubach lebenswerter e.V.<\/strong> nun eine weitere, gr\u00f6\u00dfere Anzeigetafel beschafft. Diese wurde von der Fa. &#8222;wavetec&#8220; entwickelt und kann mittels eines eigenen Solar-Panels ohne st\u00e4ndigen Austausch von Batterien \u00fcber l\u00e4ngere Zeiten am gleichen Standort betrieben werden.<\/p>\n\n\n\n<figure class=\"wp-block-image\"><img loading=\"lazy\" decoding=\"async\" width=\"1024\" height=\"768\" src=\"http:\/\/www.lebenswerter-braubach.de\/wp-content\/uploads\/2019\/10\/2019-10-23-Uebergabe-Messtafel-1024x768.jpg\" alt=\"Im Beisein von des Verkehrsausschusses \u00fcbergibt die B\u00fcrgerinitiative Braubach lebenswereter e.V. die neue Geschwindigkeits-Anzeigetafel an Herrn B\u00fcrgermeister Joachim M\u00fcller.\" class=\"wp-image-766\" srcset=\"http:\/\/www.lebenswerter-braubach.de\/wp-content\/uploads\/2019\/10\/2019-10-23-Uebergabe-Messtafel-1024x768.jpg 1024w, http:\/\/www.lebenswerter-braubach.de\/wp-content\/uploads\/2019\/10\/2019-10-23-Uebergabe-Messtafel-300x225.jpg 300w, http:\/\/www.lebenswerter-braubach.de\/wp-content\/uploads\/2019\/10\/2019-10-23-Uebergabe-Messtafel-768x576.jpg 768w\" sizes=\"auto, (max-width: 1024px) 100vw, 1024px\" \/><figcaption><em>Im Beisein von des Verkehrsausschusses \u00fcbergibt die <strong>B\u00fcrgerinitiative &#8222;Braubach lebenswereter e.V.&#8220;<\/strong> die neue Geschwindigkeits-Anzeigetafel an Herrn B\u00fcrgermeister Joachim M\u00fcller.<\/em><\/figcaption><\/figure>\n\n\n\n<p>Im Gegensatz zur ersten Tafel, kann die neue Tafel nun auch die allseits bekannten Smileys im Wechsel mit der ermittelten Geschwindigkeit anzeigen. <\/p>\n\n\n\n<p>Die Tafel wurde im Rahmen einer Verkehrsausschusssitzung am 23.10.2019 an die Stadt Braubach \u00fcbergeben. Somit war es nat\u00fcrlich auch das Privilieg des Stadtb\u00fcrgermeisters Joachim M\u00fcller, die Tafel in Empfang zu nehmen.<\/p>\n\n\n\n<p>In Zukunft sollen weiterhin beide Tafeln im Stadtgebiet Braubach eingesetzt werden. Wir hoffen, dass auch die neue Anzeigetafel, den Verkehr in unserer Stadt ein wenig entschleunigt und dadurch sicherer macht.<\/p>\n\n\n\n<p><\/p>\n","protected":false},"excerpt":{"rendered":"<p>Nach \u00fcberaus positiven Erfahrungen mit der ersten Geschwindigkeits-Anzeigetafel hat die B\u00fcrgerinitiative Braubach lebenswerter e.V. nun eine weitere, gr\u00f6\u00dfere Anzeigetafel beschafft. Diese wurde von der Fa. &#8222;wavetec&#8220; entwickelt und kann mittels eines eigenen Solar-Panels ohne st\u00e4ndigen Austausch von Batterien \u00fcber l\u00e4ngere &hellip; <a href=\"http:\/\/www.lebenswerter-braubach.de\/?p=764\">Weiterlesen <span class=\"meta-nav\">&rarr;<\/span><\/a><\/p>\n","protected":false},"author":9,"featured_media":0,"comment_status":"closed","ping_status":"closed","sticky":false,"template":"","format":"standard","meta":{"footnotes":"","_links_to":"","_links_to_target":""},"categories":[8],"tags":[],"class_list":["post-764","post","type-post","status-publish","format-standard","hentry","category-allgemein"],"_links":{"self":[{"href":"http:\/\/www.lebenswerter-braubach.de\/index.php?rest_route=\/wp\/v2\/posts\/764","targetHints":{"allow":["GET"]}}],"collection":[{"href":"http:\/\/www.lebenswerter-braubach.de\/index.php?rest_route=\/wp\/v2\/posts"}],"about":[{"href":"http:\/\/www.lebenswerter-braubach.de\/index.php?rest_route=\/wp\/v2\/types\/post"}],"author":[{"embeddable":true,"href":"http:\/\/www.lebenswerter-braubach.de\/index.php?rest_route=\/wp\/v2\/users\/9"}],"replies":[{"embeddable":true,"href":"http:\/\/www.lebenswerter-braubach.de\/index.php?rest_route=%2Fwp%2Fv2%2Fcomments&post=764"}],"version-history":[{"count":0,"href":"http:\/\/www.lebenswerter-braubach.de\/index.php?rest_route=\/wp\/v2\/posts\/764\/revisions"}],"wp:attachment":[{"href":"http:\/\/www.lebenswerter-braubach.de\/index.php?rest_route=%2Fwp%2Fv2%2Fmedia&parent=764"}],"wp:term":[{"taxonomy":"category","embeddable":true,"href":"http:\/\/www.lebenswerter-braubach.de\/index.php?rest_route=%2Fwp%2Fv2%2Fcategories&post=764"},{"taxonomy":"post_tag","embeddable":true,"href":"http:\/\/www.lebenswerter-braubach.de\/index.php?rest_route=%2Fwp%2Fv2%2Ftags&post=764"}],"curies":[{"name":"wp","href":"https:\/\/api.w.org\/{rel}","templated":true}]}}