{"id":786,"date":"2020-01-25T18:33:59","date_gmt":"2020-01-25T16:33:59","guid":{"rendered":"http:\/\/www.lebenswerter-braubach.de\/?p=786"},"modified":"2020-02-05T18:35:28","modified_gmt":"2020-02-05T16:35:28","slug":"informationsgespraech-mit-der-cdu-kreistagsfraktion","status":"publish","type":"post","link":"http:\/\/www.lebenswerter-braubach.de\/?p=786","title":{"rendered":"Informationsgespr\u00e4ch mit der CDU Kreistagsfraktion"},"content":{"rendered":"\n<p>Am 22.01.2020 trafen sich die B\u00fcrgerinitiative <em>Braubach lebenswerter e.V.<\/em> mit zahlreichen Mitgliedern der CDU Kreistagsfraktion am Obertor zu einem gegenseitigen Informationsaustausch.<\/p>\n\n\n\n<figure class=\"wp-block-image\"><img loading=\"lazy\" decoding=\"async\" width=\"1024\" height=\"692\" src=\"http:\/\/www.lebenswerter-braubach.de\/wp-content\/uploads\/2020\/02\/Foto-3-1024x692.jpg\" alt=\"\" class=\"wp-image-790\" srcset=\"http:\/\/www.lebenswerter-braubach.de\/wp-content\/uploads\/2020\/02\/Foto-3-1024x692.jpg 1024w, http:\/\/www.lebenswerter-braubach.de\/wp-content\/uploads\/2020\/02\/Foto-3-300x203.jpg 300w, http:\/\/www.lebenswerter-braubach.de\/wp-content\/uploads\/2020\/02\/Foto-3-768x519.jpg 768w\" sizes=\"auto, (max-width: 1024px) 100vw, 1024px\" \/><figcaption><em>v.l.n.r.: Jens G\u00fcllering (stv. CDU Vorsitzender), Helmut Veit (BI Braubach lebenswerter e.V.) <\/em><br><em>und Werner Gro\u00df (CDU, VG B\u00fcrgermeister) im Dialog.<\/em><\/figcaption><\/figure>\n\n\n\n<p>Nat\u00fcrlich stand wieder die von beiden Gespr\u00e4chsparteien geforderte Umgehungsstra\u00dfe im Mittelpunkt der Gespr\u00e4che. Von Seiten der CDU Kreistagsfraktion werde man anstreben, dieses Thema als st\u00e4ndigen Punkt in die Kreistagssitzungen aufzunehmen. Auch und gerade weil sich oft \u00fcber lange Phasen keine \u00c4nderungen an der aktuellen Planungssituation ergeben, soll so das Thema zuk\u00fcnftig dauerhaft relevant sein.<\/p>\n\n\n\n<figure class=\"wp-block-image\"><img loading=\"lazy\" decoding=\"async\" width=\"1024\" height=\"608\" src=\"http:\/\/www.lebenswerter-braubach.de\/wp-content\/uploads\/2020\/02\/Foto-1-1024x608.jpg\" alt=\"\" class=\"wp-image-789\" srcset=\"http:\/\/www.lebenswerter-braubach.de\/wp-content\/uploads\/2020\/02\/Foto-1-1024x608.jpg 1024w, http:\/\/www.lebenswerter-braubach.de\/wp-content\/uploads\/2020\/02\/Foto-1-300x178.jpg 300w, http:\/\/www.lebenswerter-braubach.de\/wp-content\/uploads\/2020\/02\/Foto-1-768x456.jpg 768w\" sizes=\"auto, (max-width: 1024px) 100vw, 1024px\" \/><figcaption><em>Zahlreiche Mitglieder der B\u00fcrgerinitiative, sowie der CDU Kreistagsfraktion waren erschienen. <br>Das zeigt einmal mehr, wie wichtig dieses Thema nicht nur f\u00fcr die Stadt Braubach ist.<\/em><\/figcaption><\/figure>\n\n\n\n<p>Im Anschluss an die Gespr\u00e4che verk\u00fcndete Martin Gasteyer, dass der CDU Gemeindeverband Nast\u00e4tten der BI beitreten werde. Nicht nur die Braubacher B\u00fcrger leiden unter dem Verkehr, auch die t\u00e4glich aufs Neue gestresste Pendler vom &#8222;L\u00e4ndchen&#8220; sehnen sich eine baldige Umsetzung einer Ortsumgehung herbei, so begr\u00fcndete Martin Gasteyer seine Ank\u00fcndigung.<\/p>\n","protected":false},"excerpt":{"rendered":"<p>Am 22.01.2020 trafen sich die B\u00fcrgerinitiative Braubach lebenswerter e.V. mit zahlreichen Mitgliedern der CDU Kreistagsfraktion am Obertor zu einem gegenseitigen Informationsaustausch. Nat\u00fcrlich stand wieder die von beiden Gespr\u00e4chsparteien geforderte Umgehungsstra\u00dfe im Mittelpunkt der Gespr\u00e4che. Von Seiten der CDU Kreistagsfraktion werde &hellip; <a href=\"http:\/\/www.lebenswerter-braubach.de\/?p=786\">Weiterlesen <span class=\"meta-nav\">&rarr;<\/span><\/a><\/p>\n","protected":false},"author":9,"featured_media":0,"comment_status":"closed","ping_status":"closed","sticky":false,"template":"","format":"standard","meta":{"footnotes":"","_links_to":"","_links_to_target":""},"categories":[8],"tags":[],"class_list":["post-786","post","type-post","status-publish","format-standard","hentry","category-allgemein"],"_links":{"self":[{"href":"http:\/\/www.lebenswerter-braubach.de\/index.php?rest_route=\/wp\/v2\/posts\/786","targetHints":{"allow":["GET"]}}],"collection":[{"href":"http:\/\/www.lebenswerter-braubach.de\/index.php?rest_route=\/wp\/v2\/posts"}],"about":[{"href":"http:\/\/www.lebenswerter-braubach.de\/index.php?rest_route=\/wp\/v2\/types\/post"}],"author":[{"embeddable":true,"href":"http:\/\/www.lebenswerter-braubach.de\/index.php?rest_route=\/wp\/v2\/users\/9"}],"replies":[{"embeddable":true,"href":"http:\/\/www.lebenswerter-braubach.de\/index.php?rest_route=%2Fwp%2Fv2%2Fcomments&post=786"}],"version-history":[{"count":0,"href":"http:\/\/www.lebenswerter-braubach.de\/index.php?rest_route=\/wp\/v2\/posts\/786\/revisions"}],"wp:attachment":[{"href":"http:\/\/www.lebenswerter-braubach.de\/index.php?rest_route=%2Fwp%2Fv2%2Fmedia&parent=786"}],"wp:term":[{"taxonomy":"category","embeddable":true,"href":"http:\/\/www.lebenswerter-braubach.de\/index.php?rest_route=%2Fwp%2Fv2%2Fcategories&post=786"},{"taxonomy":"post_tag","embeddable":true,"href":"http:\/\/www.lebenswerter-braubach.de\/index.php?rest_route=%2Fwp%2Fv2%2Ftags&post=786"}],"curies":[{"name":"wp","href":"https:\/\/api.w.org\/{rel}","templated":true}]}}