{"id":945,"date":"2026-02-07T20:27:00","date_gmt":"2026-02-07T18:27:00","guid":{"rendered":"http:\/\/www.lebenswerter-braubach.de\/?p=945"},"modified":"2026-02-11T20:29:30","modified_gmt":"2026-02-11T18:29:30","slug":"einladung-zur-jahreshauptversammlung-3","status":"publish","type":"post","link":"http:\/\/www.lebenswerter-braubach.de\/?p=945","title":{"rendered":"Einladung zur Jahreshauptversammlung"},"content":{"rendered":"\n<p>An die Mitglieder der B\u00fcrgerinitiative Braubach lebenswerter e. V.<\/p>\n\n\n\n<p><strong>Einladung zur Jahreshauptversammlung<\/strong><\/p>\n\n\n\n<p>Sehr geehrte Damen und Herren,<\/p>\n\n\n\n<p>die B\u00fcrgerinitiative <strong>Braubach lebenswerter e. V. <\/strong>l\u00e4dt hiermit alle Mitglieder zur diesj\u00e4hrigen Jahreshauptversammlung ein.<\/p>\n\n\n\n<p><strong>Die Versammlung findet am Dienstag den 24. Februar 2026 um 19:00 Uhr im Rathaussaal der Stadt Braubach statt.<\/strong><\/p>\n\n\n\n<p>Tagesordnung:<\/p>\n\n\n\n<p>1.&nbsp;&nbsp;&nbsp; Begr\u00fc\u00dfung und Feststellung der ordnungsgem\u00e4\u00dfen Einberufung<\/p>\n\n\n\n<p>2.&nbsp;&nbsp;&nbsp; Rechenschaftsbericht des Vorstandes<\/p>\n\n\n\n<p>3.&nbsp;&nbsp;&nbsp; Kassenbericht<\/p>\n\n\n\n<p>4.&nbsp;&nbsp;&nbsp; Bericht der Kassenpr\u00fcfer<\/p>\n\n\n\n<p>5.&nbsp;&nbsp;&nbsp; Entlastung des Vorstandes<\/p>\n\n\n\n<p>6.&nbsp;&nbsp;&nbsp; Wahl des Versammlungsleiters<\/p>\n\n\n\n<p>7.&nbsp;&nbsp;&nbsp; Neuwahlen des Vorstandes<\/p>\n\n\n\n<p>8.&nbsp;&nbsp;&nbsp; Wahl der Kassenpr\u00fcfer<\/p>\n\n\n\n<p>9.&nbsp;&nbsp;&nbsp; Verschiedenes<\/p>\n\n\n\n<p>Antr\u00e4ge k\u00f6nnen in schriftlicher Form bis zum 23. Februar 2026 beim 1. Vorsitzenden Helmut Veit eingereicht werden.<\/p>\n","protected":false},"excerpt":{"rendered":"<p>An die Mitglieder der B\u00fcrgerinitiative Braubach lebenswerter e. V. Einladung zur Jahreshauptversammlung Sehr geehrte Damen und Herren, die B\u00fcrgerinitiative Braubach lebenswerter e. V. l\u00e4dt hiermit alle Mitglieder zur diesj\u00e4hrigen Jahreshauptversammlung ein. Die Versammlung findet am Dienstag den 24. Februar 2026 &hellip; <a href=\"http:\/\/www.lebenswerter-braubach.de\/?p=945\">Weiterlesen <span class=\"meta-nav\">&rarr;<\/span><\/a><\/p>\n","protected":false},"author":8,"featured_media":0,"comment_status":"closed","ping_status":"closed","sticky":false,"template":"","format":"standard","meta":{"footnotes":"","_links_to":"","_links_to_target":""},"categories":[8],"tags":[],"class_list":["post-945","post","type-post","status-publish","format-standard","hentry","category-allgemein"],"_links":{"self":[{"href":"http:\/\/www.lebenswerter-braubach.de\/index.php?rest_route=\/wp\/v2\/posts\/945","targetHints":{"allow":["GET"]}}],"collection":[{"href":"http:\/\/www.lebenswerter-braubach.de\/index.php?rest_route=\/wp\/v2\/posts"}],"about":[{"href":"http:\/\/www.lebenswerter-braubach.de\/index.php?rest_route=\/wp\/v2\/types\/post"}],"author":[{"embeddable":true,"href":"http:\/\/www.lebenswerter-braubach.de\/index.php?rest_route=\/wp\/v2\/users\/8"}],"replies":[{"embeddable":true,"href":"http:\/\/www.lebenswerter-braubach.de\/index.php?rest_route=%2Fwp%2Fv2%2Fcomments&post=945"}],"version-history":[{"count":1,"href":"http:\/\/www.lebenswerter-braubach.de\/index.php?rest_route=\/wp\/v2\/posts\/945\/revisions"}],"predecessor-version":[{"id":946,"href":"http:\/\/www.lebenswerter-braubach.de\/index.php?rest_route=\/wp\/v2\/posts\/945\/revisions\/946"}],"wp:attachment":[{"href":"http:\/\/www.lebenswerter-braubach.de\/index.php?rest_route=%2Fwp%2Fv2%2Fmedia&parent=945"}],"wp:term":[{"taxonomy":"category","embeddable":true,"href":"http:\/\/www.lebenswerter-braubach.de\/index.php?rest_route=%2Fwp%2Fv2%2Fcategories&post=945"},{"taxonomy":"post_tag","embeddable":true,"href":"http:\/\/www.lebenswerter-braubach.de\/index.php?rest_route=%2Fwp%2Fv2%2Ftags&post=945"}],"curies":[{"name":"wp","href":"https:\/\/api.w.org\/{rel}","templated":true}]}}