{"id":957,"date":"2026-03-10T21:31:35","date_gmt":"2026-03-10T19:31:35","guid":{"rendered":"http:\/\/www.lebenswerter-braubach.de\/?p=957"},"modified":"2026-03-13T21:53:43","modified_gmt":"2026-03-13T19:53:43","slug":"ortstermin-mit-bundesverkehrsminister","status":"publish","type":"post","link":"http:\/\/www.lebenswerter-braubach.de\/?p=957","title":{"rendered":"Ortstermin mit dem Bundesverkehrsminister"},"content":{"rendered":"\n<p>Braubach, 10. M\u00e4rz 2026 \u2013 Bei einem Ortstermin mit dem Bundesverkehrsminister Herrn Patrick Schnieder hat die B\u00fcrgerinitiative (BI) die seit Monaten festgefahrene Situation im laufenden Planungsverfahren ausf\u00fchrlich dargestellt. Der 1. Vorsitzende der BI nutzte die Gelegenheit, um dem Minister pers\u00f6nlich die Hintergr\u00fcnde, Verz\u00f6gerungen und strukturellen Probleme zu erl\u00e4utern, die das Projekt seit Langem belasten.<\/p>\n\n\n\n<p><\/p>\n\n\n\n<p><strong>Variante 3U: Die ausgereifteste und UNESCO-konforme L\u00f6sung<\/strong><\/p>\n\n\n\n<p>Im Zentrum der Ausf\u00fchrungen stand die von der BI urspr\u00fcnglich finanzierte Variante 3, die nach einem Jahr intensiver \u00dcberarbeitung durch den Landesbetrieb Mobilit\u00e4t (LBM) als Variante 3U vorliegt. Diese Weiterentwicklung gilt nach Einsch\u00e4tzung der BI wie auch zahlreicher Fachleute als die technisch und landschaftlich vertr\u00e4glichste L\u00f6sung.<\/p>\n\n\n\n<figure class=\"wp-block-image size-large\"><img loading=\"lazy\" decoding=\"async\" width=\"1024\" height=\"603\" src=\"http:\/\/www.lebenswerter-braubach.de\/wp-content\/uploads\/2026\/03\/2026-03-10-Bild-1-1024x603.jpg\" alt=\"Helmut Veit er\u00f6rtert die aktuelle Sachlage.\" class=\"wp-image-959\" srcset=\"http:\/\/www.lebenswerter-braubach.de\/wp-content\/uploads\/2026\/03\/2026-03-10-Bild-1-1024x603.jpg 1024w, http:\/\/www.lebenswerter-braubach.de\/wp-content\/uploads\/2026\/03\/2026-03-10-Bild-1-300x177.jpg 300w, http:\/\/www.lebenswerter-braubach.de\/wp-content\/uploads\/2026\/03\/2026-03-10-Bild-1-768x452.jpg 768w, http:\/\/www.lebenswerter-braubach.de\/wp-content\/uploads\/2026\/03\/2026-03-10-Bild-1-1536x904.jpg 1536w, http:\/\/www.lebenswerter-braubach.de\/wp-content\/uploads\/2026\/03\/2026-03-10-Bild-1.jpg 2048w\" sizes=\"auto, (max-width: 1024px) 100vw, 1024px\" \/><figcaption class=\"wp-element-caption\"><em>Der erste Vorsitzende der B\u00fcrgerinitiative Braubach lebenswerter e.V.<br>erl\u00e4utert die Verkehrssituation unter dem L\u00e4rm des herrschenden Stra\u00dfenverkehrs.<\/em><\/figcaption><\/figure>\n\n\n\n<p>Die Trasse verl\u00e4uft unterhalb der bestehenden Bahnlinie, ist vom Rhein aus nicht sichtbar und beeintr\u00e4chtigt auch die gegen\u00fcberliegende Rheinseite in keiner Weise. Damit erf\u00fcllt sie zentrale Anforderungen des UNESCO-Welterbeschutzes und gilt als die einzige Variante, die sowohl funktional als auch kulturhistorisch tragf\u00e4hig ist.<\/p>\n\n\n\n<p><\/p>\n\n\n\n<p><strong>Neue H\u00fcrde: Forderung nach einer weiteren Welterbestudie<\/strong><\/p>\n\n\n\n<p>Trotz dieser Fortschritte wurde j\u00fcngst erneut die Erstellung einer Heritage Impact Assessment (HIA) bzw. Welterbelandschaftsvertr\u00e4glichkeitsstudie verlangt. Eine solche Untersuchung ist grunds\u00e4tzlich ein anerkanntes Instrument, um Auswirkungen auf Welterbest\u00e4tten zu bewerten. Doch im vorliegenden Fall bedeutet sie eine weitere Verz\u00f6gerung, obwohl die Variante 3U bereits auf Grundlage umfangreicher Vorarbeiten entwickelt wurde.<\/p>\n\n\n\n<figure class=\"wp-block-image size-large\"><img loading=\"lazy\" decoding=\"async\" width=\"1002\" height=\"1024\" src=\"http:\/\/www.lebenswerter-braubach.de\/wp-content\/uploads\/2026\/03\/2026-03-10-Bild-2-1002x1024.jpg\" alt=\"\" class=\"wp-image-960\" srcset=\"http:\/\/www.lebenswerter-braubach.de\/wp-content\/uploads\/2026\/03\/2026-03-10-Bild-2-1002x1024.jpg 1002w, http:\/\/www.lebenswerter-braubach.de\/wp-content\/uploads\/2026\/03\/2026-03-10-Bild-2-294x300.jpg 294w, http:\/\/www.lebenswerter-braubach.de\/wp-content\/uploads\/2026\/03\/2026-03-10-Bild-2-768x785.jpg 768w, http:\/\/www.lebenswerter-braubach.de\/wp-content\/uploads\/2026\/03\/2026-03-10-Bild-2.jpg 1404w\" sizes=\"auto, (max-width: 1002px) 100vw, 1002px\" \/><figcaption class=\"wp-element-caption\"><em>Im Beisein von zahlreichen Lokalpolitiker und interessierten B\u00fcrgern<br>fand ein reger Informationsaustausch statt.<\/em><\/figcaption><\/figure>\n\n\n\n<p>Besonders kritisch: Der LBM, der offiziell mit der Ausschreibung und Vergabe dieser Studie beauftragt ist, verf\u00fcgt nach eigener Aussage nicht \u00fcber das notwendige Personal, um das Verfahren \u00fcberhaupt zu starten. Die BI hatte diese Problematik bereits fr\u00fchzeitig an das zust\u00e4ndige Ministerium in Mainz gemeldet. Die R\u00fcckmeldung blieb jedoch unverbindlich und ohne konkrete L\u00f6sungsans\u00e4tze.<\/p>\n\n\n\n<p><\/p>\n\n\n\n<p><strong>Reaktionen beim Ortstermin: \u00dcberraschung, Kopfsch\u00fctteln, Unverst\u00e4ndnis<\/strong><\/p>\n\n\n\n<p>Der Bundesverkehrsminister zeigte sich w\u00e4hrend der Erl\u00e4uterungen der BI sichtlich \u00fcberrascht \u00fcber die geschilderten Abl\u00e4ufe und die strukturellen Hindernisse. Die Darstellung, dass eine von B\u00fcrgern finanzierte und vom LBM \u00fcberarbeitete Variante nun erneut durch b\u00fcrokratische Engp\u00e4sse ausgebremst wird, sorgte im Kreis der anwesenden Zuh\u00f6rerinnen und Zuh\u00f6rer f\u00fcr allgemeines Kopfsch\u00fctteln.<\/p>\n\n\n\n<p>Mehrere Anwesende \u00e4u\u00dferten spontan ihr Unverst\u00e4ndnis \u00fcber die fehlende Handlungsf\u00e4higkeit der zust\u00e4ndigen Landesbeh\u00f6rde. Die BI machte deutlich, dass die Region seit Jahren auf eine tragf\u00e4hige L\u00f6sung wartet und dass weitere Verz\u00f6gerungen das Vertrauen der Bev\u00f6lkerung in die politischen Entscheidungsprozesse zunehmend belasten.<\/p>\n\n\n\n<figure class=\"wp-block-image size-large\"><img loading=\"lazy\" decoding=\"async\" width=\"1024\" height=\"684\" src=\"http:\/\/www.lebenswerter-braubach.de\/wp-content\/uploads\/2026\/03\/2026-02-24-JHV-Bild-4-1024x684.jpg\" alt=\"\" class=\"wp-image-962\" srcset=\"http:\/\/www.lebenswerter-braubach.de\/wp-content\/uploads\/2026\/03\/2026-02-24-JHV-Bild-4-1024x684.jpg 1024w, http:\/\/www.lebenswerter-braubach.de\/wp-content\/uploads\/2026\/03\/2026-02-24-JHV-Bild-4-300x200.jpg 300w, http:\/\/www.lebenswerter-braubach.de\/wp-content\/uploads\/2026\/03\/2026-02-24-JHV-Bild-4-768x513.jpg 768w, http:\/\/www.lebenswerter-braubach.de\/wp-content\/uploads\/2026\/03\/2026-02-24-JHV-Bild-4.jpg 1200w\" sizes=\"auto, (max-width: 1024px) 100vw, 1024px\" \/><figcaption class=\"wp-element-caption\">Die UNSECO-konforme Varian<em>te 3U basiert ma\u00dfgeblich<br>auf den Planungen der B\u00fcrgerinitiative.<\/em><\/figcaption><\/figure>\n\n\n\n<p><\/p>\n\n\n\n<p><strong>Kurzer Besuch mit deutlicher Wirkung<\/strong><\/p>\n\n\n\n<p>Nach rund 20 Minuten endete der Besuch des Ministers, der im Anschluss zu einem weiteren Termin weiterreiste. Trotz der kurzen Dauer hinterlie\u00df der Austausch einen bleibenden Eindruck: Die BI konnte die Problematik klar und unmissverst\u00e4ndlich darstellen, und der Minister erhielt einen unmittelbaren Einblick in die Herausforderungen vor Ort.<\/p>\n\n\n\n<p>Die B\u00fcrgerinitiative hofft nun, dass die geschilderten Missst\u00e4nde zeitnah zu konkreten Schritten f\u00fchren \u2013 insbesondere zur Sicherstellung der personellen Ressourcen beim LBM und zur z\u00fcgigen Einleitung der geforderten Studie, damit das Verfahren endlich vorankommt.<\/p>\n\n\n\n<figure class=\"wp-block-image size-large\"><img loading=\"lazy\" decoding=\"async\" width=\"1024\" height=\"669\" src=\"http:\/\/www.lebenswerter-braubach.de\/wp-content\/uploads\/2026\/03\/2026-03-10-Bild-3-1024x669.jpg\" alt=\"\" class=\"wp-image-958\" srcset=\"http:\/\/www.lebenswerter-braubach.de\/wp-content\/uploads\/2026\/03\/2026-03-10-Bild-3-1024x669.jpg 1024w, http:\/\/www.lebenswerter-braubach.de\/wp-content\/uploads\/2026\/03\/2026-03-10-Bild-3-300x196.jpg 300w, http:\/\/www.lebenswerter-braubach.de\/wp-content\/uploads\/2026\/03\/2026-03-10-Bild-3-768x502.jpg 768w, http:\/\/www.lebenswerter-braubach.de\/wp-content\/uploads\/2026\/03\/2026-03-10-Bild-3-1536x1004.jpg 1536w, http:\/\/www.lebenswerter-braubach.de\/wp-content\/uploads\/2026\/03\/2026-03-10-Bild-3.jpg 2048w\" sizes=\"auto, (max-width: 1024px) 100vw, 1024px\" \/><\/figure>\n\n\n\n<p><br><strong>Was ist die Variante 3U?<\/strong><\/p>\n\n\n\n<p>Variante 3U ist eine vom Landesbetrieb Mobilit\u00e4t \u00fcberarbeitete Weiterentwicklung der urspr\u00fcnglich von der B\u00fcrgerinitiative finanzierten Variante 3. Sie zeichnet sich durch folgende Merkmale aus:<\/p>\n\n\n\n<ul class=\"wp-block-list\">\n<li><strong>Untertunnelung der Bahnlinie<\/strong> Die Trasse verl\u00e4uft unterhalb der bestehenden Bahnstrecke und bleibt damit vollst\u00e4ndig im Schatten der Infrastruktur.<\/li>\n\n\n\n<li><strong>Unsichtbarkeit vom Rhein<\/strong> Weder vom Fluss noch von der gegen\u00fcberliegenden Rheinseite ist die Trasse sichtbar \u2013 ein entscheidender Punkt f\u00fcr den UNESCO-Schutzstatus.<\/li>\n\n\n\n<li><strong>UNESCO-konform<\/strong> Die Variante erf\u00fcllt alle relevanten Anforderungen zum Schutz der Kulturlandschaft Oberes Mittelrheintal.<\/li>\n\n\n\n<li><strong>Fachlich ausgereift<\/strong> Die Planung basiert auf umfangreichen Vorarbeiten, Gutachten und Abstimmungen mit Fachbeh\u00f6rden.<\/li>\n<\/ul>\n\n\n\n<figure class=\"wp-block-image size-large\"><img loading=\"lazy\" decoding=\"async\" width=\"1024\" height=\"653\" src=\"http:\/\/www.lebenswerter-braubach.de\/wp-content\/uploads\/2026\/03\/2026-02-24-JHV-Bild-5-1024x653.jpg\" alt=\"\" class=\"wp-image-961\" srcset=\"http:\/\/www.lebenswerter-braubach.de\/wp-content\/uploads\/2026\/03\/2026-02-24-JHV-Bild-5-1024x653.jpg 1024w, http:\/\/www.lebenswerter-braubach.de\/wp-content\/uploads\/2026\/03\/2026-02-24-JHV-Bild-5-300x191.jpg 300w, http:\/\/www.lebenswerter-braubach.de\/wp-content\/uploads\/2026\/03\/2026-02-24-JHV-Bild-5-768x490.jpg 768w, http:\/\/www.lebenswerter-braubach.de\/wp-content\/uploads\/2026\/03\/2026-02-24-JHV-Bild-5.jpg 1200w\" sizes=\"auto, (max-width: 1024px) 100vw, 1024px\" \/><\/figure>\n\n\n\n<p>Die BI sieht in dieser Variante die einzige realistische L\u00f6sung, die sowohl den verkehrlichen Anforderungen als auch dem Welterbeschutz gerecht wird.<br><br><\/p>\n","protected":false},"excerpt":{"rendered":"<p>Braubach, 10. M\u00e4rz 2026 \u2013 Bei einem Ortstermin mit dem Bundesverkehrsminister Herrn Patrick Schnieder hat die B\u00fcrgerinitiative (BI) die seit Monaten festgefahrene Situation im laufenden Planungsverfahren ausf\u00fchrlich dargestellt. Der 1. Vorsitzende der BI nutzte die Gelegenheit, um dem Minister pers\u00f6nlich &hellip; <a href=\"http:\/\/www.lebenswerter-braubach.de\/?p=957\">Weiterlesen <span class=\"meta-nav\">&rarr;<\/span><\/a><\/p>\n","protected":false},"author":8,"featured_media":0,"comment_status":"closed","ping_status":"closed","sticky":false,"template":"","format":"standard","meta":{"footnotes":"","_links_to":"","_links_to_target":""},"categories":[8],"tags":[],"class_list":["post-957","post","type-post","status-publish","format-standard","hentry","category-allgemein"],"_links":{"self":[{"href":"http:\/\/www.lebenswerter-braubach.de\/index.php?rest_route=\/wp\/v2\/posts\/957","targetHints":{"allow":["GET"]}}],"collection":[{"href":"http:\/\/www.lebenswerter-braubach.de\/index.php?rest_route=\/wp\/v2\/posts"}],"about":[{"href":"http:\/\/www.lebenswerter-braubach.de\/index.php?rest_route=\/wp\/v2\/types\/post"}],"author":[{"embeddable":true,"href":"http:\/\/www.lebenswerter-braubach.de\/index.php?rest_route=\/wp\/v2\/users\/8"}],"replies":[{"embeddable":true,"href":"http:\/\/www.lebenswerter-braubach.de\/index.php?rest_route=%2Fwp%2Fv2%2Fcomments&post=957"}],"version-history":[{"count":3,"href":"http:\/\/www.lebenswerter-braubach.de\/index.php?rest_route=\/wp\/v2\/posts\/957\/revisions"}],"predecessor-version":[{"id":965,"href":"http:\/\/www.lebenswerter-braubach.de\/index.php?rest_route=\/wp\/v2\/posts\/957\/revisions\/965"}],"wp:attachment":[{"href":"http:\/\/www.lebenswerter-braubach.de\/index.php?rest_route=%2Fwp%2Fv2%2Fmedia&parent=957"}],"wp:term":[{"taxonomy":"category","embeddable":true,"href":"http:\/\/www.lebenswerter-braubach.de\/index.php?rest_route=%2Fwp%2Fv2%2Fcategories&post=957"},{"taxonomy":"post_tag","embeddable":true,"href":"http:\/\/www.lebenswerter-braubach.de\/index.php?rest_route=%2Fwp%2Fv2%2Ftags&post=957"}],"curies":[{"name":"wp","href":"https:\/\/api.w.org\/{rel}","templated":true}]}}